{"id":13099,"date":"2017-04-04T11:00:00","date_gmt":"2017-04-04T11:00:00","guid":{"rendered":"https:\/\/mickgb.com\/?p=13099"},"modified":"2024-04-08T01:16:25","modified_gmt":"2024-04-08T01:16:25","slug":"really-truly-and-substantially-copy","status":"publish","type":"post","link":"https:\/\/mickgb.com\/ga\/really-truly-and-substantially-copy\/","title":{"rendered":"Really Truly and Substantially &#8211; Copy"},"content":{"rendered":"<p style=\"text-align:center;margin-top:0pt;padding-top:0;margin-bottom:0pt;padding-bottom:0;line-height:2.4\"><span style=\"height:1em\"><span>.<\/span><\/span><\/p><p style=\"text-align:center;margin-top:0pt;padding-top:0;margin-bottom:0pt;padding-bottom:0;line-height:2.4\"><strong><span style=\"font-size:24pt\">Really, truly, and substantially&#8230;&#8230;..<\/span><\/strong><\/p><h2 style=\"margin-top:0pt;padding-top:0;margin-bottom:0pt;padding-bottom:0;line-height:2.4;font-size:14pt\">Peadar Bair\u00e9ad<\/h2><p style=\"margin-top:0pt;padding-top:0;margin-bottom:0pt;padding-bottom:0;line-height:2.4\"><span style=\"height:1em\"><span>.<\/span><\/span><\/p><p style=\"text-align:justify;margin-top:0pt;padding-top:0;margin-bottom:0pt;padding-bottom:0;line-height:2.4;font-size:14pt\">Ba nath cainte \u00e9 sin a bh\u00edodh an-choitianta ar bh\u00e9ala daoine, blianta \u00f3 shoin, agus sa r\u00e1iteas sin, bh\u00ed Caitlicigh R\u00f3mh\u00e1nacha ag dearbh\u00fa os ard, gur chreid siad, go raibh an Tiarna fh\u00e9in i l\u00e1thair san abhlann choisricthe, i nd\u00e1ir\u00edre, go f\u00edrinneach, agus go substanti\u00fail.<\/p><p style=\"text-align:justify;margin-top:0pt;padding-top:0;margin-bottom:0pt;padding-bottom:0;line-height:2.4;font-size:14pt\">Agus a Thiarna! Nach m\u00f3r go deo an focal \u00e9 sin? Duine ag dearbh\u00fa gur chreid s\u00e9 ina chro\u00ed istigh, go raibh Cruthaitheoir na cruinne uilig i l\u00e1thair sa ph\u00edosa beag sin ar\u00e1in, n\u00e1r ar\u00e1n go f\u00edrinneach \u00e9 a thuilleadh! Sea, agus n\u00ed h\u00e9 sin amh\u00e1in \u00e9, ach go raibh s\u00e9 i l\u00e1thair, ina ioml\u00e1ine, san abhlann sin, Agus n\u00ed cur i gc\u00e9ill ar bith at\u00e1 i gceist sa l\u00e1ithreacht seo, n\u00ed hea! Ach l\u00e1ithreacht lom d\u00e1ir\u00edrech. <\/p><p style=\"text-align:center;margin-top:0pt;padding-top:0;margin-bottom:0pt;padding-bottom:0;line-height:2.4;font-size:14pt\"><strong><span style=\"font-size:18pt\">Substainti\u00fail, freisin<\/span><\/strong><\/p><p style=\"text-align:justify;margin-top:0pt;padding-top:0;margin-bottom:0pt;padding-bottom:0;line-height:2.4;font-size:14pt\">Agus c\u00e9ard faoin l\u00e1ithreacht substanti\u00fail? Bhuel, nuair a smaoin\u00edonn t\u00fa ar an abhlann, smaoin\u00edonn t\u00fa, i dt\u00fas b\u00e1ire, ar ghn\u00e9ithe an ar\u00e1in, s\u00e9 sin, a dhath, a dh\u00e9anamh, a bhlas, agus a bholadh, agus feictear do dhuine, n\u00e1r th\u00e1inig aon athr\u00fa orthu sin, mar sin, c\u00e9ard a tharla sa choisriceadh? Bhuel, is \u00e9 a chreideann an Caitliceach R\u00f3mh\u00e1nach n\u00f3 gur athraigh substaint an ar\u00e1in. Agus c\u00e9ard \u00e9 fh\u00e9in? Bhuel, sin an t\u2019\u00e1bhar adeir linn, gur ar\u00e1n at\u00e1 idir cham\u00e1in againn seachas aon stustaint eile, ach le linn an choisricthe, athra\u00edtear \u00e1bhar an ar\u00e1in go m\u00edor\u00failteach, agus n\u00ed har\u00e1n a thuilleadh \u00e9, ach Corp agus Fuil an Tiarna. Is \u00ed an deacracht a bhaineann leis an sc\u00e9al seo n\u00f3, le breathn\u00fa ar an abhlann, d\u2019fheicfeadh duine n\u00e1r th\u00e1inig athr\u00fa ar bith air, n\u00f3 t\u00e1 an dath, an cuma, an blas agus an boladh d\u00edreach mar a bh\u00ed roimh an choisriceadh, agus sin an f\u00e1th go dteasta\u00edonn l\u00e9im an Chreidimh uainn, m\u00e1s uainn glacadh leis an bhf\u00edorl\u00e1ithreacht sin. Sea, agus nach cuimhin linn uilig c\u00e9ard a tharla, nuair a bh\u00ed an Tiarna fh\u00e9in ag iarraidh an mh\u00edor\u00failt seo a mh\u00edni\u00fa d\u00e1 lucht \u00e9isteachta fad\u00f3, agus nuair a mh\u00ednigh s\u00e9 d\u00f3ibh, go gcaithfeadh siad a chuid feola a ithe, agus a chuid fola a \u00f3l, d\u00e1 dteast\u00f3dh uathu f\u00e1il isteach i R\u00edocht D\u00e9 na Gl\u00f3ire. <\/p><p style=\"text-align:center;margin-top:0pt;padding-top:0;margin-bottom:0pt;padding-bottom:0;line-height:2.4;font-size:14pt\"><strong><span style=\"font-size:18pt\">Dochreidte!<\/span><\/strong><\/p><p style=\"text-align:justify;margin-top:0pt;padding-top:0;margin-bottom:0pt;padding-bottom:0;line-height:2.4;font-size:14pt\">Ar ghlacadar leis an sc\u00e9al sin, an ea? <\/p><p style=\"text-align:justify;margin-top:0pt;padding-top:0;margin-bottom:0pt;padding-bottom:0;line-height:2.4;font-size:14pt\">N\u00edor ghlac, muis! n\u00f3 is amhlaidh a thr\u00e9igh roinnt mhaith d\u00e1 lucht \u00e9isteachta \u00e9, ach n\u00edor dhein an Tiarna an R\u00e1iteas c\u00e9anna sin a aistharraingt, n\u00f3 a mhaol\u00fa fi\u00fa, ach is amhlaidh a rinne s\u00e9 \u00e9 a ath-r\u00e1, agus a threisi\u00fa, le cur i dtuiscint d\u00f3ibh si\u00fad a raibh amhras orthu faoi fh\u00e9idireacht m\u00edor\u00failte d\u00e1 leith\u00e9id. N\u00ed raibh aon \u00e1it sa R\u00edocht don t\u00e9 nach bhf\u00e9adfadh glacadh leis an r\u00e1iteas c\u00e9anna sin mar chloch choirn\u00e9il d\u00e1 chreideamh. Le sin a dheanamh, nil uainn ach Leim an Chreidimh. N\u00e1 b\u00edodh drugall ar bith orainn an l\u00e9im ch\u00e9anna sin a ghearradh.<\/p><p style=\"text-align:justify;margin-top:0pt;padding-top:0;margin-bottom:0pt;padding-bottom:0;line-height:2.4;font-size:14pt\"><span style=\"height:1em\"><span>.<\/span><\/span><\/p><p style=\"text-align:justify;margin-top:0pt;padding-top:0;margin-bottom:0pt;padding-bottom:0;line-height:2.4;font-size:14pt\"><span style=\"height:1em\"><span>.<\/span><\/span><\/p><p style=\"text-align:justify;margin-top:0pt;padding-top:0;margin-bottom:0pt;padding-bottom:0;line-height:2.4;font-size:14pt\"><span style=\"height:1em\"><span>.<\/span><\/span><\/p><p style=\"text-align:justify;margin-top:0pt;padding-top:0;margin-bottom:0pt;padding-bottom:0;line-height:2.4;font-size:14pt\"><span style=\"height:1em\"><span>.<\/span><\/span><\/p><p style=\"text-align:justify;margin-top:0pt;padding-top:0;margin-bottom:0pt;padding-bottom:0;line-height:2.4;font-size:14pt\"><span style=\"height:1em\"><span>.<\/span><\/span><\/p><p style=\"text-align:justify;margin-top:0pt;padding-top:0;margin-bottom:0pt;padding-bottom:0;line-height:2.4;font-size:14pt\"><span style=\"height:1em\"><span>.<\/span><\/span><\/p>","protected":false},"excerpt":{"rendered":"<p>. Really, truly, and substantially&#8230;&#8230;.. Peadar Bair\u00e9ad . Ba nath cainte \u00e9 sin a bh\u00edodh an-choitianta ar bh\u00e9ala daoine, blianta \u00f3 shoin, agus sa r\u00e1iteas sin, bh\u00ed Caitlicigh R\u00f3mh\u00e1nacha ag dearbh\u00fa os ard, gur chreid siad, go raibh an Tiarna fh\u00e9in i l\u00e1thair san abhlann choisricthe, i nd\u00e1ir\u00edre, go f\u00edrinneach, agus go substanti\u00fail. Agus a [&hellip;]<\/p>\n","protected":false},"author":2,"featured_media":13435,"comment_status":"open","ping_status":"open","sticky":false,"template":"","format":"standard","meta":{"nf_dc_page":"","_et_pb_use_builder":"","_et_pb_old_content":"","_et_gb_content_width":"","footnotes":""},"categories":[1],"tags":[],"class_list":["post-13099","post","type-post","status-publish","format-standard","has-post-thumbnail","hentry","category-gan-chatagoir"],"_links":{"self":[{"href":"https:\/\/mickgb.com\/ga\/wp-json\/wp\/v2\/posts\/13099","targetHints":{"allow":["GET"]}}],"collection":[{"href":"https:\/\/mickgb.com\/ga\/wp-json\/wp\/v2\/posts"}],"about":[{"href":"https:\/\/mickgb.com\/ga\/wp-json\/wp\/v2\/types\/post"}],"author":[{"embeddable":true,"href":"https:\/\/mickgb.com\/ga\/wp-json\/wp\/v2\/users\/2"}],"replies":[{"embeddable":true,"href":"https:\/\/mickgb.com\/ga\/wp-json\/wp\/v2\/comments?post=13099"}],"version-history":[{"count":1,"href":"https:\/\/mickgb.com\/ga\/wp-json\/wp\/v2\/posts\/13099\/revisions"}],"predecessor-version":[{"id":13100,"href":"https:\/\/mickgb.com\/ga\/wp-json\/wp\/v2\/posts\/13099\/revisions\/13100"}],"wp:featuredmedia":[{"embeddable":true,"href":"https:\/\/mickgb.com\/ga\/wp-json\/wp\/v2\/media\/13435"}],"wp:attachment":[{"href":"https:\/\/mickgb.com\/ga\/wp-json\/wp\/v2\/media?parent=13099"}],"wp:term":[{"taxonomy":"category","embeddable":true,"href":"https:\/\/mickgb.com\/ga\/wp-json\/wp\/v2\/categories?post=13099"},{"taxonomy":"post_tag","embeddable":true,"href":"https:\/\/mickgb.com\/ga\/wp-json\/wp\/v2\/tags?post=13099"}],"curies":[{"name":"wp","href":"https:\/\/api.w.org\/{rel}","templated":true}]}}