{"id":13115,"date":"2017-04-04T11:00:00","date_gmt":"2017-04-04T11:00:00","guid":{"rendered":"https:\/\/mickgb.com\/?p=13115"},"modified":"2024-04-08T01:12:10","modified_gmt":"2024-04-08T01:12:10","slug":"ring-out-wild-bells-3","status":"publish","type":"post","link":"https:\/\/mickgb.com\/ga\/ring-out-wild-bells-3\/","title":{"rendered":"Ring out wild bells&#8230;. (3)"},"content":{"rendered":"<p style=\"text-align:center;margin-top:0pt;padding-top:0;margin-bottom:0pt;padding-bottom:0;line-height:1.38;font-size:12pt\"><strong><span style=\"font-size:28pt\">\u201cAthbhliain faoi Mhaise dhaoibh!<\/span><span style=\"font-size:28pt\">\u201d<\/span><\/strong><\/p><p style=\"text-align:center;margin-top:0pt;padding-top:0;margin-bottom:0pt;padding-bottom:0;line-height:1.38;font-size:12pt\"><span style=\"height:1em\"><span>.<\/span><\/span><\/p><p style=\"margin-top:0pt;padding-top:0;margin-bottom:0pt;padding-bottom:0;line-height:1.38;font-size:12pt\"><span style=\"font-size:14pt\">Peadar Bair\u00e9ad<\/span><\/p><p style=\"margin-top:0pt;padding-top:0;margin-bottom:0pt;padding-bottom:0;line-height:1.38;font-size:12pt\"><span style=\"height:1em\"><span>.<\/span><\/span><\/p><p style=\"text-align:center;margin-top:0pt;padding-top:0;margin-bottom:0pt;padding-bottom:0;line-height:1.38;font-size:12pt\"><strong><span style=\"font-size:16pt\">( This week <\/span><span style=\"font-size:16pt\">we consider the dying year and its successor<\/span><span style=\"font-size:16pt\">)<\/span><\/strong><\/p><p style=\"text-align:center;margin-top:0pt;padding-top:0;margin-bottom:0pt;padding-bottom:0;line-height:1.38;font-size:12pt\"><span style=\"height:1em\"><span>.<\/span><\/span><\/p><p style=\"text-align:center;margin-top:0pt;padding-top:0;margin-bottom:0pt;padding-bottom:0;line-height:1.38;font-size:12pt\"><strong><span style=\"font-size:18pt\">Clingigi libh a Chloga buile<\/span><\/strong><\/p><p style=\"text-align:justify;margin-top:0pt;padding-top:0;margin-bottom:0pt;padding-bottom:0;line-height:1.8;font-size:12pt\"><span style=\"height:1em\"><span>.<\/span><\/span><\/p><p style=\"text-align:justify;margin-top:0pt;padding-top:0;margin-bottom:0pt;padding-bottom:0;line-height:1.8;font-size:12pt\"><span style=\"font-size:14pt\">Le tamall anuas anois, bh\u00ed<\/span><span style=\"font-size:14pt\"> de n\u00f3<\/span><span style=\"font-size:14pt\">s agam<\/span><span style=\"font-size:14pt\"> \u00fas\u00e1id<\/span><span style=\"font-size:14pt\"> a bhaint<\/span><span style=\"font-size:14pt\"> as l\u00ednte as an d\u00e1n corraitheach caointe \u00fad, <\/span><strong><span style=\"font-size:14pt\">In Memoriam<\/span><\/strong><span style=\"font-size:14pt\">, a scr\u00edobh <\/span><strong><span style=\"font-size:14pt\">Alfred Lord Tennyson<\/span><\/strong><span style=\"font-size:14pt\"> fh\u00e9in, i gcuimhne a charad, <\/span><strong><span style=\"font-size:14pt\">Arthur Hallum<\/span><\/strong><span style=\"font-size:14pt\">, sa bhliain <\/span><strong><span style=\"font-size:14pt\">1841<\/span><\/strong><span style=\"font-size:14pt\">, mar sa d\u00e1n sin, tharla go bhfuil l\u00ednte bre\u00e1tha, ag f\u00e1g\u00e1il sl\u00e1n leis an mbliain a bh\u00ed ag imeacht i<\/span><span style=\"font-size:14pt\">steach in umar na staire, agus ag f\u00e1ilti\u00fa<\/span><span style=\"font-size:14pt\"> roi<\/span><span style=\"font-size:14pt\">mh an bhliain \u00far<\/span><span style=\"font-size:14pt\"> agus le hathr\u00fa saoil, ag an am gc\u00e9anna.  Mar si<\/span><span style=\"font-size:14pt\">n, shocraigh m\u00e9 ar\u00eds, i mbliana <\/span><span style=\"font-size:14pt\">ar<\/span><span style=\"font-size:14pt\"> \u00fas\u00e1id a bhaint as l\u00ed<\/span><span style=\"font-size:14pt\">nte Tennyson agus muid ag f\u00e1g\u00e1il sl\u00e1<\/span><span style=\"font-size:14pt\">n<\/span><span style=\"font-size:14pt\"> ag 2015  agus muid ullamh le f\u00e1ilte a chur roimh an bhliain \u00fa<\/span><span style=\"font-size:14pt\">r, 2016<\/span><span style=\"font-size:14pt\">.  Seo chugaibh, mar sin, ceathr\u00fa as an d\u00e1n sin, le hatmosf\u00e9ar oiri\u00fanach a chruth\u00fa don \u00f3c\u00e1id&#8230;.<\/span><\/p><p style=\"text-align:justify;margin-top:0pt;padding-top:0;margin-bottom:0pt;padding-bottom:0;line-height:1.8;font-size:12pt;margin-left:72pt\"><strong><span style=\"font-size:14pt\"><em>\u201cRing out wild bells to the wild sky,<\/em><\/span><\/strong><\/p><p style=\"text-align:justify;margin-top:0pt;padding-top:0;margin-bottom:0pt;padding-bottom:0;line-height:1.8;font-size:12pt;margin-left:72pt\"><strong><span style=\"font-size:14pt\"><em>The flying cloud, the frosty lights;<\/em><\/span><\/strong><\/p><p style=\"text-align:justify;margin-top:0pt;padding-top:0;margin-bottom:0pt;padding-bottom:0;line-height:1.8;font-size:12pt;margin-left:72pt\"><strong><span style=\"font-size:14pt\"><em>The year is dying in the night,<\/em><\/span><\/strong><\/p><p style=\"text-align:justify;margin-top:0pt;padding-top:0;margin-bottom:0pt;padding-bottom:0;line-height:1.8;font-size:12pt;margin-left:72pt\"><strong><span style=\"font-size:14pt\"><em>Ring out, wild bells, and let him die.\u201d<\/em><\/span><\/strong><\/p><p style=\"text-align:justify;margin-top:0pt;padding-top:0;margin-bottom:0pt;padding-bottom:0;line-height:1.8;font-size:12pt\"><span style=\"font-size:14pt\">Sea, clingig\u00ed <\/span><span style=\"font-size:14pt\">libh a chloga caointe, n\u00f3 t\u00e1 an bhliain<\/span><span style=\"font-size:14pt\"> 2015<\/span><span style=\"font-size:14pt\"> ar leaba a b\u00e1is, t\u00e1 s\u00ed ag s\u00e9athl\u00fa i l\u00e1r na ho\u00edche, clingig\u00ed amach, a chloga, agus ligig\u00ed di imeacht.  Sea, ligig\u00ed di s\u00e9athl\u00fa.  <\/span><\/p><p style=\"text-align:justify;margin-top:0pt;padding-top:0;margin-bottom:0pt;padding-bottom:0;line-height:1.8;font-size:12pt\"><span style=\"font-size:14pt\">B\u2019fh\u00e9idir anois n\u00e1rbh \u00ed an bhliain ba mheasa riamh \u00ed, ach ag an am gc\u00e9anna, d\u2019fh\u00e9adfadh s\u00ed a bheith n\u00edos fearr.<\/span><span style=\"font-size:14pt\"> <\/span><span style=\"font-size:14pt\">Tuige a ndeirim a leith\u00e9id, an ea?<\/span><\/p><p style=\"text-align:justify;margin-top:0pt;padding-top:0;margin-bottom:0pt;padding-bottom:0;line-height:1.8;font-size:12pt\"><span style=\"font-size:14pt\">Bhuel, cuimhnigh anois ar ar t<\/span><span style=\"font-size:14pt\">harla \u00f3 L\u00e1 Caille<\/span><span style=\"font-size:14pt\"> 2015 anuas<\/span><span style=\"font-size:14pt\">,<\/span><span style=\"font-size:14pt\"> agus n\u00e1 bacadh \u00e9in<\/span><span style=\"font-size:14pt\">ne leis an sean-nath<\/span><span style=\"font-size:14pt\"> sin a bh\u00edodh ag na R\u00f3mh\u00e1naigh fad\u00f3&#8230;.<\/span><\/p><p style=\"margin-top:0pt;padding-top:0;margin-bottom:0pt;padding-bottom:0;line-height:1.8;font-size:12pt;margin-left:108pt\"><span style=\"font-size:14pt\">&#8230;De mortuis nil nisi bonum&#8230;<\/span><\/p><p style=\"text-align:justify;margin-top:0pt;padding-top:0;margin-bottom:0pt;padding-bottom:0;line-height:1.8;font-size:12pt\"><span style=\"font-size:14pt\">Ach ar dhein s\u00ed aon rud as an mbealach, le linn a r\u00e9?<\/span><\/p><p style=\"text-align:center;margin-top:0pt;padding-top:0;margin-bottom:0pt;padding-bottom:0;line-height:1.8;font-size:12pt\"><strong><span style=\"font-size:18pt\">Anfa agus tuilte<\/span><\/strong><\/p><p style=\"text-align:justify;margin-top:0pt;padding-top:0;margin-bottom:0pt;padding-bottom:0;line-height:1.8;font-size:12pt\"><span style=\"font-size:14pt\">Bhuel, caithfear a chuimhneamh gurb<\/span><span style=\"font-size:14pt\">h<\/span><span style=\"font-size:14pt\"> \u00ed an bhliain<\/span><span style=\"font-size:14pt\"> seo a thug d<\/span><span style=\"font-size:14pt\">roch aimsir agus tuilte ar an m\u00f3rg\u00f3ir d\u00fa<\/span><span style=\"font-size:14pt\">inn<\/span><span style=\"font-size:14pt\">.<\/span><span style=\"font-size:14pt\"> B\u2019\u00ed <\/span><span style=\"font-size:14pt\">a sheol na m\u00edlte agus na m\u00ed<\/span><span style=\"font-size:14pt\">lte teifeach agus deo<\/span><span style=\"font-size:14pt\">ra\u00ed<\/span><span style=\"font-size:14pt\"> thar theorainn na hEorpa isteach<\/span><span style=\"font-size:14pt\"> chugainn<\/span><span style=\"font-size:14pt\">,<\/span><span style=\"font-size:14pt\"> agus t\u00e1\u2019s ag an L\u00e1 fh\u00e9in<\/span><span style=\"font-size:14pt\"> go gcrutha\u00edonn sin fadhbanna iomad\u00fala san Aontas Eorpach<\/span><span style=\"font-size:14pt\"> ar fad<\/span><span style=\"font-size:14pt\">.<\/span><\/p><p style=\"text-align:justify;margin-top:0pt;padding-top:0;margin-bottom:0pt;padding-bottom:0;line-height:1.8;font-size:12pt;margin-left:72pt\"><strong><span style=\"font-size:14pt\"><em>\u201cRing out a slowly dying cause,<\/em><\/span><\/strong><\/p><p style=\"text-align:justify;margin-top:0pt;padding-top:0;margin-bottom:0pt;padding-bottom:0;line-height:1.8;font-size:12pt;margin-left:72pt\"><strong><span style=\"font-size:14pt\"><em>And ancient forms of party strife,<\/em><\/span><\/strong><\/p><p style=\"text-align:justify;margin-top:0pt;padding-top:0;margin-bottom:0pt;padding-bottom:0;line-height:1.8;font-size:12pt;margin-left:72pt\"><strong><span style=\"font-size:14pt\"><em>Ring in the nobler modes of life,<\/em><\/span><\/strong><\/p><p style=\"text-align:justify;margin-top:0pt;padding-top:0;margin-bottom:0pt;padding-bottom:0;line-height:1.8;font-size:12pt;margin-left:72pt\"><strong><span style=\"font-size:14pt\"><em>With sweeter manners, purer laws.\u201d<\/em><\/span><\/strong><\/p><p style=\"text-align:justify;margin-top:0pt;padding-top:0;margin-bottom:0pt;padding-bottom:0;line-height:1.8;font-size:12pt\"><span style=\"font-size:14pt\">N\u00e1 d\u00e9antar dea<\/span><span style=\"font-size:14pt\">rmad<\/span><span style=\"font-size:14pt\">,<\/span><span style=\"font-size:14pt\"> ach oiread<\/span><span style=\"font-size:14pt\">,<\/span><span style=\"font-size:14pt\"> ar na hion<\/span><span style=\"font-size:14pt\">saithe danartha a deineadh<\/span><span style=\"font-size:14pt\"> ar dhaoine \u00e1irithe,<\/span><span style=\"font-size:14pt\"> i dt\u00ed<\/span><span style=\"font-size:14pt\">r na Fraince<\/span><span style=\"font-size:14pt\">,<\/span><span style=\"font-size:14pt\"> agus in \u00e1iteacha eile<\/span><span style=\"font-size:14pt\"> freisin<\/span><span style=\"font-size:14pt\"> \u00f3 cheann ceann na cruinne. T\u00e1<\/span><span style=\"font-size:14pt\"> freisin<\/span><span style=\"font-size:14pt\">, ag feidhmi\u00fa, i measc na n\u00e1isi\u00fan, eagra\u00edochta\u00ed sceimhlitheoireachta at\u00e1<\/span><span style=\"font-size:14pt\"> ullamh<\/span><span style=\"font-size:14pt\">, r\u00e9<\/span><span style=\"font-size:14pt\">idh<\/span><span style=\"font-size:14pt\">, le gn\u00edomhartha barbartha a chur i gcr\u00ed<\/span><span style=\"font-size:14pt\">ch<\/span><span style=\"font-size:14pt\">,<\/span><span style=\"font-size:14pt\"> ar mhaith<\/span><span style=\"font-size:14pt\">e lena ndearcadh fh\u00e9<\/span><span style=\"font-size:14pt\">in a chur chun cinn.<\/span><\/p><p style=\"text-align:justify;margin-top:0pt;padding-top:0;margin-bottom:0pt;padding-bottom:0;line-height:1.8;font-size:12pt\"><span style=\"font-size:14pt\">Smaoinigh freisin ar na m\u00edlte agus na m\u00ed<\/span><span style=\"font-size:14pt\">lte<\/span><span style=\"font-size:14pt\"> a sciobadh uainn i rith  na blia<\/span><span style=\"font-size:14pt\">na sin 2015, agus ar na tubaist\u00ed uilig sin a chr\u00e1<\/span><span style=\"font-size:14pt\">igh<\/span><span style=\"font-size:14pt\"> an cine daonna<\/span><span style=\"font-size:14pt\"> lena linn<\/span><span style=\"font-size:14pt\">. S<\/span><span style=\"font-size:14pt\">ea, agus gu\u00ed<\/span><span style=\"font-size:14pt\">mis f<\/span><span style=\"font-size:14pt\">reisin go dtuigfidh an bhliain \u00fa<\/span><span style=\"font-size:14pt\">r g<\/span><span style=\"font-size:14pt\">o mb<\/span><span style=\"font-size:14pt\">eifear <\/span><span style=\"font-size:14pt\">ag s\u00fail go gcuirfidh s\u00ed<\/span><span style=\"font-size:14pt\"> srian<\/span><span style=\"font-size:14pt\"> ar na tubaist\u00ed, agus ar na huaf\u00e1is \u00fa<\/span><span style=\"font-size:14pt\">d<\/span><span style=\"font-size:14pt\"> uilig<\/span><span style=\"font-size:14pt\"> a chr\u00e1igh \u00e1<\/span><span style=\"font-size:14pt\">r gcine<\/span><span style=\"font-size:14pt\"> sa bhliain 2015<\/span><span style=\"font-size:14pt\">.<\/span><\/p><p style=\"text-align:center;margin-top:0pt;padding-top:0;margin-bottom:0pt;padding-bottom:0;line-height:1.8;font-size:12pt\"><strong><span style=\"font-size:18pt\">\u00dat\u00f3ipe chugainn?<\/span><\/strong><\/p><p style=\"text-align:justify;margin-top:0pt;padding-top:0;margin-bottom:0pt;padding-bottom:0;line-height:1.8;font-size:12pt\"><span style=\"font-size:14pt\">T\u00e1 fait\u00edos orm, nach <\/span><span style=\"font-size:14pt\">bhfuil r\u00e9 na s\u00edoch\u00e1na domhanda<\/span><span style=\"font-size:14pt\"> buailte linn f\u00f3s,<\/span><span style=\"font-size:14pt\"> ach ag an am gc\u00e9<\/span><span style=\"font-size:14pt\">an<\/span><span style=\"font-size:14pt\">n<\/span><span style=\"font-size:14pt\">a<\/span><span style=\"font-size:14pt\">,<\/span><span style=\"font-size:14pt\"> tugann muid faoi deara<\/span><span style=\"font-size:14pt\"> go bhfuil comhartha\u00ed d\u00f3chais le l\u00e9<\/span><span style=\"font-size:14pt\">amh againn freisin<\/span><span style=\"font-size:14pt\"> ar ph\u00e1r \u00e1r staire. Tabhair faoi deara, gur th\u00e1inig<\/span><span style=\"font-size:14pt\"> <\/span><span style=\"font-size:14pt\">tarraingt ar dh\u00e1 ch\u00e9ad n\u00e1isi\u00fan le ch\u00e9ile i bP\u00e1ras i mbliana, agus gur aontaigh siad uilig ar chonradh a sh\u00edni<\/span><span style=\"font-size:14pt\">\u00fa<\/span><span style=\"font-size:14pt\"> <\/span><span style=\"font-size:14pt\">go nd\u00e9anfaid\u00eds a nd\u00ed<\/span><span style=\"font-size:14pt\">cheall<\/span><span style=\"font-size:14pt\">,<\/span><span style=\"font-size:14pt\"> le<\/span><span style=\"font-size:14pt\"> cr\u00ed<\/span><span style=\"font-size:14pt\">och a chur leis an mbaol a <\/span><span style=\"font-size:14pt\">bh\u00ed<\/span><span style=\"font-size:14pt\"> ann<\/span><span style=\"font-size:14pt\">, go nd\u00e9anfa\u00ed<\/span><span style=\"font-size:14pt\"> an t-atmosf<\/span><span style=\"font-size:14pt\">\u00e9<\/span><span style=\"font-size:14pt\">ar<\/span><span style=\"font-size:14pt\"> a th\u00e9<\/span><span style=\"font-size:14pt\">amh iomarcach<\/span><span style=\"font-size:14pt\">, sna blianta at\u00e1<\/span><span style=\"font-size:14pt\"> romhainn amach<\/span><span style=\"font-size:14pt\">,  rud a dh\u00e9<\/span><span style=\"font-size:14pt\">anfadh dochar do-leigheasta d\u2019<\/span><span style=\"font-size:14pt\">aer\u00e1id \u00e1r bplain\u00e9<\/span><span style=\"font-size:14pt\">id<\/span><span style=\"font-size:14pt\">,  <\/span><span style=\"font-size:14pt\">sa<\/span><span style=\"font-size:14pt\"> todhcha\u00ed<\/span><span style=\"font-size:14pt\">. Chomh maith le sin<\/span><span style=\"font-size:14pt\">, ba ch\u00f3ir d\u00fainn aird a dh\u00edri\u00fa ar na pleananna <\/span><span style=\"font-size:14pt\">at\u00e1 ar bun sa t\u00ed<\/span><span style=\"font-size:14pt\">r seo<\/span><span style=\"font-size:14pt\">, le h\u00c9iri Amach na C\u00e1<\/span><span style=\"font-size:14pt\">sca 1916 a cho<\/span><span style=\"font-size:14pt\">m\u00f3radh go cu\u00ed,<\/span><span style=\"font-size:14pt\"> i rith na bliana seo chugainn.<\/span><span style=\"font-size:14pt\"> C\u00fais \u00e1thais agus \u00f3c\u00e1id m\u00f3rtais d\u00e1r bPoblacht uilig. <\/span><span style=\"font-size:14pt\">&nbsp;&nbsp;<\/span><\/p><p style=\"text-align:justify;margin-top:0pt;padding-top:0;margin-bottom:0pt;padding-bottom:0;line-height:1.8;font-size:12pt\"><span style=\"height:1em\"><span>.<\/span><\/span><\/p><p style=\"text-align:justify;margin-top:0pt;padding-top:0;margin-bottom:0pt;padding-bottom:0;line-height:1.8;font-size:12pt\"><span style=\"font-size:14pt\">Sea, i nDomhnach!<\/span><span style=\"font-size:14pt\"> d\u00e9anaimis uilig iarrac<\/span><span style=\"font-size:14pt\">ht ar ghruaim, ar bhuairt, agus ar <\/span><span style=\"font-size:14pt\"> <\/span><span style=\"font-size:14pt\">s<\/span><span style=\"font-size:14pt\">h<\/span><span style=\"font-size:14pt\">eacht gc\u00farama\u00ed an tsl\u00e9ibhe a ruaigeadh as \u00e1r saol laeth\u00fail<\/span><span style=\"font-size:14pt\"> feasta<\/span><span style=\"font-size:14pt\">, agus ina <\/span><span style=\"font-size:14pt\">&nbsp;&nbsp;&nbsp;&nbsp;&nbsp;<\/span><span style=\"font-size:14pt\">n-\u00e1it, cuirimis romhainn \u00e1thas, gliondar, agus l\u00fach\u00e1ir an tsaoil mh\u00f3ir seo, a cheili\u00faradh, Domhnach agus D\u00e1lach.  T\u00e1\u2019s ag an saol, nach bhfuil s\u00e9 \u00e9asca a leith\u00e9id a dh\u00e9anamh, ach cuirimis romhainn \u00e9 ma<\/span><span style=\"font-size:14pt\">r r\u00fan athbhliana.<\/span><span style=\"font-size:14pt\"> <\/span><\/p><p style=\"text-align:justify;margin-top:0pt;padding-top:0;margin-bottom:0pt;padding-bottom:0;line-height:1.8;font-size:12pt\"><span style=\"height:1em\"><span>.<\/span><\/span><\/p><p style=\"text-align:justify;margin-top:0pt;padding-top:0;margin-bottom:0pt;padding-bottom:0;line-height:1.8;font-size:12pt\"><strong><span style=\"font-size:16pt\"><em>Athbhliain faoi sh\u00e9an is faoi mhaise d\u00e1r l\u00e9itheoir\u00ed<\/em><\/span><span style=\"font-size:16pt\"><em> uilig.<\/em><\/span><span style=\"font-size:16pt\"><em> <\/em><\/span><\/strong><\/p><p style=\"text-align:justify;margin-top:0pt;padding-top:0;margin-bottom:0pt;padding-bottom:0;line-height:1.8;font-size:12pt\"><span style=\"height:1em\"><span>.<\/span><\/span><\/p><p style=\"text-align:justify;margin-top:0pt;padding-top:0;margin-bottom:0pt;padding-bottom:0;line-height:1.8;font-size:12pt\"><span style=\"height:1em\"><span>.<\/span><\/span><\/p>","protected":false},"excerpt":{"rendered":"<p>\u201cAthbhliain faoi Mhaise dhaoibh!\u201d . Peadar Bair\u00e9ad . ( This week we consider the dying year and its successor) . Clingigi libh a Chloga buile . Le tamall anuas anois, bh\u00ed de n\u00f3s agam \u00fas\u00e1id a bhaint as l\u00ednte as an d\u00e1n corraitheach caointe \u00fad, In Memoriam, a scr\u00edobh Alfred Lord Tennyson fh\u00e9in, i gcuimhne [&hellip;]<\/p>\n","protected":false},"author":2,"featured_media":13435,"comment_status":"open","ping_status":"open","sticky":false,"template":"","format":"standard","meta":{"nf_dc_page":"","_et_pb_use_builder":"","_et_pb_old_content":"","_et_gb_content_width":"","footnotes":""},"categories":[1],"tags":[],"class_list":["post-13115","post","type-post","status-publish","format-standard","has-post-thumbnail","hentry","category-gan-chatagoir"],"_links":{"self":[{"href":"https:\/\/mickgb.com\/ga\/wp-json\/wp\/v2\/posts\/13115","targetHints":{"allow":["GET"]}}],"collection":[{"href":"https:\/\/mickgb.com\/ga\/wp-json\/wp\/v2\/posts"}],"about":[{"href":"https:\/\/mickgb.com\/ga\/wp-json\/wp\/v2\/types\/post"}],"author":[{"embeddable":true,"href":"https:\/\/mickgb.com\/ga\/wp-json\/wp\/v2\/users\/2"}],"replies":[{"embeddable":true,"href":"https:\/\/mickgb.com\/ga\/wp-json\/wp\/v2\/comments?post=13115"}],"version-history":[{"count":1,"href":"https:\/\/mickgb.com\/ga\/wp-json\/wp\/v2\/posts\/13115\/revisions"}],"predecessor-version":[{"id":13116,"href":"https:\/\/mickgb.com\/ga\/wp-json\/wp\/v2\/posts\/13115\/revisions\/13116"}],"wp:featuredmedia":[{"embeddable":true,"href":"https:\/\/mickgb.com\/ga\/wp-json\/wp\/v2\/media\/13435"}],"wp:attachment":[{"href":"https:\/\/mickgb.com\/ga\/wp-json\/wp\/v2\/media?parent=13115"}],"wp:term":[{"taxonomy":"category","embeddable":true,"href":"https:\/\/mickgb.com\/ga\/wp-json\/wp\/v2\/categories?post=13115"},{"taxonomy":"post_tag","embeddable":true,"href":"https:\/\/mickgb.com\/ga\/wp-json\/wp\/v2\/tags?post=13115"}],"curies":[{"name":"wp","href":"https:\/\/api.w.org\/{rel}","templated":true}]}}