{"id":13123,"date":"2017-04-04T11:00:00","date_gmt":"2017-04-04T11:00:00","guid":{"rendered":"https:\/\/mickgb.com\/?p=13123"},"modified":"2024-04-08T01:12:10","modified_gmt":"2024-04-08T01:12:10","slug":"ruin-athbhliana-2015","status":"publish","type":"post","link":"https:\/\/mickgb.com\/ga\/ruin-athbhliana-2015\/","title":{"rendered":"R\u00fain  Athbhliana 2015"},"content":{"rendered":"<p style=\"text-align:center;margin-top:0pt;padding-top:0;margin-bottom:0pt;padding-bottom:0;line-height:1.8;font-size:12pt\"><span style=\"height:1em\"><span>.<\/span><\/span><\/p><p style=\"text-align:center;margin-top:0pt;padding-top:0;margin-bottom:0pt;padding-bottom:0;line-height:1.8;font-size:12pt\"><strong><span style=\"font-size:28pt\">R\u00fain  Athbhliana !<\/span><\/strong><\/p><h1 style=\"margin-top:0pt;padding-top:0;margin-bottom:0pt;padding-bottom:0;line-height:1.8;font-weight:bold;font-size:14pt\">Peadar Bair\u00e9ad<\/h1><p style=\"text-align:center;margin-top:0pt;padding-top:0;margin-bottom:0pt;padding-bottom:0;line-height:1.8;font-size:12pt\"><span style=\"height:1em\"><span>.<\/span><\/span><\/p><p style=\"text-align:center;margin-top:0pt;padding-top:0;margin-bottom:0pt;padding-bottom:0;line-height:1.8;font-size:12pt\"><span style=\"font-size:14pt\">(<\/span><strong><span style=\"font-size:14pt\"><em>An tr\u00e1th sin bliana tagtha ar\u00eds<\/em><\/span><span style=\"font-size:14pt\"><em>&#8230;New Year Resolutions<\/em><\/span><span style=\"font-size:14pt\"><em> Time <\/em><\/span><span style=\"font-size:14pt\"><em>)<\/em><\/span><\/strong><\/p><p style=\"text-align:center;margin-top:0pt;padding-top:0;margin-bottom:0pt;padding-bottom:0;line-height:1.8;font-size:12pt\"><span style=\"height:1em\"><span>.<\/span><\/span><\/p><p style=\"text-align:center;margin-top:0pt;padding-top:0;margin-bottom:0pt;padding-bottom:0;line-height:1.8;font-size:12pt\"><strong><span style=\"font-size:18pt\">Sc\u00e1ile na R\u00fan<\/span><\/strong><\/p><p style=\"text-align:justify;margin-top:0pt;padding-top:0;margin-bottom:0pt;padding-bottom:0;line-height:1.8;font-size:12pt\"><span style=\"height:1em\"><span>.<\/span><\/span><\/p><p style=\"text-align:justify;margin-top:0pt;padding-top:0;margin-bottom:0pt;padding-bottom:0;line-height:1.8;font-size:12pt\"><span style=\"font-size:14pt\">Ag caint ar R\u00fain Athbhliana, d\u00e9arfainn go bhfuil m\u00e9 fh\u00e9in beag\u00e1in\u00edn r\u00f3<\/span><span style=\"font-size:14pt\">-aosta anois<\/span><span style=\"font-size:14pt\"> do n\u00f3<\/span><span style=\"font-size:14pt\">s<\/span><span style=\"font-size:14pt\"> sin<\/span><span style=\"font-size:14pt\"> na R\u00fai<\/span><span style=\"font-size:14pt\">n Athbhliana<\/span><span style=\"font-size:14pt\">, ach n\u00ed hionann sin is a r\u00e1 nach raibh m\u00e9 tugtha don n\u00f3s c\u00e9<\/span><span style=\"font-size:14pt\">anna sin<\/span><span style=\"font-size:14pt\">,<\/span><span style=\"font-size:14pt\"> <\/span><span style=\"font-size:14pt\">blianta \u00f3<\/span><span style=\"font-size:14pt\"> shoin<\/span><span style=\"font-size:14pt\">,<\/span><span style=\"font-size:14pt\"> n\u00f3 bh\u00ed<\/span><span style=\"font-size:14pt\"> agus thar a bheith tugtha. Cha<\/span><span style=\"font-size:14pt\">ithinn seal chuile bhliain ag d\u00e9anamh mo mharana ar an n\u00f3s c\u00e9<\/span><span style=\"font-size:14pt\">anna sin<\/span><span style=\"font-size:14pt\">, agus m\u00e9 ag iarraidh t<\/span><span style=\"font-size:14pt\">eacht ar r\u00fa<\/span><span style=\"font-size:14pt\">i<\/span><span style=\"font-size:14pt\">n <\/span><span style=\"font-size:14pt\">a bheadh <\/span><span style=\"font-size:14pt\">oiri\u00fanach don bhliain \u00fa<\/span><span style=\"font-size:14pt\">r. <\/span><span style=\"font-size:14pt\">Theastaigh uaim seo a<\/span><span style=\"font-size:14pt\"> dh\u00e9anamh<\/span><span style=\"font-size:14pt\">,<\/span><span style=\"font-size:14pt\"> agus theastaigh uaim si\u00fad a dh\u00e9<\/span><span style=\"font-size:14pt\">anamh<\/span><span style=\"font-size:14pt\">,<\/span><span style=\"font-size:14pt\"> i rith na bl<\/span><span style=\"font-size:14pt\">iana a bh\u00ed<\/span><span style=\"font-size:14pt\"> romham amach, ach<\/span><span style=\"font-size:14pt\"> tr\u00edd is tr\u00ed<\/span><span style=\"font-size:14pt\">d, shocr<\/span><span style=\"font-size:14pt\">a\u00edodh m\u00e9<\/span><span style=\"font-size:14pt\"> <\/span><span style=\"font-size:14pt\">f\u00e1il r\u00e9<\/span><span style=\"font-size:14pt\">idh le d<\/span><span style=\"font-size:14pt\">r<\/span><span style=\"font-size:14pt\">och-n\u00f3<\/span><span style=\"font-size:14pt\">sanna<\/span><span style=\"font-size:14pt\">, agus n\u00f3sanna su\u00e1<\/span><span style=\"font-size:14pt\">ilceacha<\/span><span style=\"font-size:14pt\">, nua,<\/span><span style=\"font-size:14pt\"> a chleachtadh <\/span><span style=\"font-size:14pt\">feasta. Ar \u00e9<\/span><span style=\"font-size:14pt\">irigh<\/span><span style=\"font-size:14pt\"> liom beart de r\u00e9<\/span><span style=\"font-size:14pt\">ir mo <\/span><span style=\"font-size:14pt\">bhriathair a chur i ngn\u00ed<\/span><span style=\"font-size:14pt\">omh? Is deacair a bheith cinnte anois, ac<\/span><span style=\"font-size:14pt\">h tr\u00edd is tr\u00edd, ba \u00e9 saol an fhata i mb\u00e9<\/span><span style=\"font-size:14pt\">al muice <\/span><span style=\"font-size:14pt\">a bh\u00ed<\/span><span style=\"font-size:14pt\"> i <\/span><span style=\"font-size:14pt\">nd\u00e1n d\u00e1 mbun\u00fas, ach sin r\u00e1<\/span><span style=\"font-size:14pt\">ite, n<\/span><span style=\"font-size:14pt\">\u00ed d\u00e9arfainn go mba am am\u00fa<\/span><span style=\"font-size:14pt\">, amach is amuigh,<\/span><span style=\"font-size:14pt\"> \u00e9 n\u00f3s na R\u00fan Athbhliana c\u00e9anna sin, n\u00f3 b\u00ed<\/span><span style=\"font-size:14pt\">odh go mbrisinn corr-<\/span><span style=\"font-size:14pt\">cheann acu, ag an am gc\u00e9<\/span><span style=\"font-size:14pt\">anna,<\/span><span style=\"font-size:14pt\"> chaitheadh siad uilig a sc\u00e1<\/span><span style=\"font-size:14pt\">ile thar m\u2019iompar<\/span><span style=\"font-size:14pt\">,<\/span><span style=\"font-size:14pt\"> uaidh sin amach. <\/span><\/p><p style=\"text-align:justify;margin-top:0pt;padding-top:0;margin-bottom:0pt;padding-bottom:0;line-height:1.8;font-size:12pt\"><span style=\"font-size:14pt\"> <\/span><span style=\"font-size:14pt\">An ndearna <\/span><span style=\"font-size:14pt\">m\u00e9<\/span><span style=\"font-size:14pt\"> r\u00fa<\/span><span style=\"font-size:14pt\">n <\/span><span style=\"font-size:14pt\">ar bith don bhliain at<\/span><span style=\"font-size:14pt\">\u00e1<\/span><span style=\"font-size:14pt\"> romhainn amach<\/span><span style=\"font-size:14pt\"> anois<\/span><span style=\"font-size:14pt\">,<\/span><span style=\"font-size:14pt\"> <\/span><span style=\"font-size:14pt\">an ea?<\/span><\/p><p style=\"text-align:justify;margin-top:0pt;padding-top:0;margin-bottom:0pt;padding-bottom:0;line-height:1.8;font-size:12pt\"><span style=\"font-size:14pt\">N\u00ed<\/span><span style=\"font-size:14pt\">or dhein, muis! ach <\/span><span style=\"font-size:14pt\">t\u00e1 n\u00f3s nua fionnta agam leis<\/span><span style=\"font-size:14pt\"> an mbearna sin a l\u00edonadh dhom<\/span><span style=\"font-size:14pt\">, agus in \u00e1it R\u00fa<\/span><span style=\"font-size:14pt\">in Athbhliana, is amhlaidh a thugaimse Gu\u00edonna Athbhliana<\/span><span style=\"font-size:14pt\"> orthu, n\u00f3 in \u00e1it ualach na r\u00fan sin a cheangal aniar orm fh\u00e9in, is amhlaidh a phiocaim amach roinnt ruda\u00ed, ar mhaith liom go nd\u00e9an<\/span><span style=\"font-size:14pt\">fa\u00ed iad, i rith na bliana \u00faire. <\/span><\/p><p style=\"text-align:center;margin-top:0pt;padding-top:0;margin-bottom:0pt;padding-bottom:0;line-height:1.8;font-size:12pt\"><strong><span style=\"font-size:18pt\">Gu\u00ed<\/span><span style=\"font-size:18pt\">onna<\/span><span style=\"font-size:18pt\"> Athbhliana<\/span><\/strong><\/p><p style=\"text-align:justify;margin-top:0pt;padding-top:0;margin-bottom:0pt;padding-bottom:0;line-height:1.8;font-size:12pt\"><span style=\"font-size:14pt\">Ar an gc\u00e9ad dul s\u00edos, ba mhaith liom<\/span><span style=\"font-size:14pt\">,<\/span><span style=\"font-size:14pt\"> i rith na bliana seo<\/span><span style=\"font-size:14pt\">,<\/span><span style=\"font-size:14pt\"> <\/span><span style=\"font-size:14pt\">go gcuirf\u00ed deireadh<\/span><span style=\"font-size:14pt\"> le mar\u00fa agus le mug\u00e1il, le for\u00e9igean agus<\/span><span style=\"font-size:14pt\"> le h\u00e9igni\u00fa<\/span><span style=\"font-size:14pt\"> de chuile shaghas, le m\u00ed-\u00fas\u00e1id agus le hainriail<\/span><span style=\"font-size:14pt\"> agus le br\u00faidi\u00falacht de chuile chine\u00e1l, agus go bhfillfeadh daoine ar\u00eds ar sh\u00edoch\u00e1in, ar charthannacht, agus ar chomharsun\u00falacht. D\u00e1 nd\u00e9anfa\u00ed a leith\u00e9id, n\u00e1r mh\u00f3r go deo an difir a dh\u00e9anfhadh s\u00e9 i saol an ghn\u00e1thdhuine? Sea, agus i nd\u00e1ir\u00edre, nach f\u00e9idir a r\u00e1, nach mbeadh sa mh\u00e9id sin<\/span><span style=\"font-size:14pt\"> fh\u00e9in<\/span><span style=\"font-size:14pt\"> ach filleadh ar na dl\u00edthe at\u00e1 fite fuaite i smior na gcn\u00e1m<\/span><span style=\"font-size:14pt\">h istigh ionainn uilig go l\u00e9ir?<\/span><\/p><p style=\"text-align:justify;margin-top:0pt;padding-top:0;margin-bottom:0pt;padding-bottom:0;line-height:1.8;font-size:12pt\"><span style=\"font-size:14pt\">Leagfaidh m\u00e9 Gui amh\u00e1<\/span><span style=\"font-size:14pt\">in eile os do chomhair amach anseo agus sin<\/span><span style=\"font-size:14pt\"> go dtabharfa\u00ed aire faoi leith, d\u00f3ibh si\u00fad at\u00e1 ar an imeall<\/span><span style=\"font-size:14pt\">, sa bhliain seo \u00e1r dTiarna 2015<\/span><span style=\"font-size:14pt\">. Is \u00e9 at\u00e1 i gceist agam anseo, n\u00f3 na daoine uilig sin, a th\u00e1inig chun na t\u00edre seo, ar t<\/span><span style=\"font-size:14pt\">h\u00f3ir oibre<\/span><span style=\"font-size:14pt\"> n\u00f3 tearmainn, go dtabharfa\u00ed sp\u00e1s agus \u00e9isteacht d\u00f3ibh, i rith na bliana seo, sa tsl\u00ed go mbeadh ar \u00e1r gcumas, a mbun\u00fas a ghlacadh isteach <\/span><span style=\"font-size:14pt\">mar bhaill den phobal s\u2019againne.<\/span><span style=\"font-size:14pt\"> Is daoine daonna iad, is comharsanna iad, agus is cairde iad, nach bhfuil aithne cheart curtha againn orthu f\u00f3s. Ba mhaith liom dre<\/span><span style=\"font-size:14pt\">am <\/span><span style=\"font-size:14pt\">amh\u00e1in eile a chur isteach sa R\u00fa<\/span><span style=\"font-size:14pt\">n <\/span><span style=\"font-size:14pt\">seo fr<\/span><span style=\"font-size:14pt\">eisin, agus sin iad an lucht si\u00fa<\/span><span style=\"font-size:14pt\">il, a bhfuil a mbun\u00fas imeallaithe againn, leis na blianta, sea, agus c\u00e1 bhf\u00e1gf\u00e1 an dream \u00fad a chodla\u00edonn amuigh, ar thaobh \u00e1r sr\u00e1ide<\/span><span style=\"font-size:14pt\">anna, n\u00f3 ar thaobh \u00e1r mb\u00f3ithre?<\/span><span style=\"font-size:14pt\"> <\/span><\/p><p style=\"text-align:center;margin-top:0pt;padding-top:0;margin-bottom:0pt;padding-bottom:0;line-height:1.8;font-size:12pt\"><strong><span style=\"font-size:18pt\">Di\u00faltachas!<\/span><\/strong><\/p><p style=\"text-align:justify;margin-top:0pt;padding-top:0;margin-bottom:0pt;padding-bottom:0;line-height:1.8;font-size:12pt\"><span style=\"font-size:14pt\">T\u00e1 Gu\u00ed amh\u00e1in eile agam don bhliain at\u00e1 romhainn amach agus sin go n-\u00e9ireodh linn uilig, agus len\u00e1r bpolaiteoir\u00ed ach go h\u00e1irithe, guaim eic\u00ednt a chur orainn fh\u00e9in feas<\/span><span style=\"font-size:14pt\">ta, agus cr\u00edoch a chur le di\u00faltachas<\/span><span style=\"font-size:14pt\"> ar mhaithe le b<\/span><span style=\"font-size:14pt\">heith di\u00fa<\/span><span style=\"font-size:14pt\">ltach<\/span><span style=\"font-size:14pt\">. A<\/span><span style=\"font-size:14pt\">gus ar thug t<\/span><span style=\"font-size:14pt\">\u00fa faoi deara an n\u00f3s at\u00e1<\/span><span style=\"font-size:14pt\"> ag l<\/span><span style=\"font-size:14pt\">ucht an Fhreas\u00fa<\/span><span style=\"font-size:14pt\">ra, bhue<\/span><span style=\"font-size:14pt\">l<\/span><span style=\"font-size:14pt\">!<\/span><span style=\"font-size:14pt\"> ag cuid acu<\/span><span style=\"font-size:14pt\"> ach go h\u00e1<\/span><span style=\"font-size:14pt\">irithe,<\/span><span style=\"font-size:14pt\"> P\u00e1irtithe an Rialtais a ch\u00e1inead<\/span><span style=\"font-size:14pt\">h as <\/span><span style=\"font-size:14pt\">a ngeall\u00faint\u00ed toghch\u00e1na\u00ed<\/span><span style=\"font-size:14pt\">ochta a bhriseadh<\/span><span style=\"font-size:14pt\">,<\/span><span style=\"font-size:14pt\"> ach<\/span><span style=\"font-size:14pt\"> ag an am gc\u00e9<\/span><span style=\"font-size:14pt\">anna <\/span><span style=\"font-size:14pt\">t\u00e1 geall\u00faint\u00ed do-chomhl\u00edonta \u00e1 nd\u00e9<\/span><span style=\"font-size:14pt\">anamh,<\/span><span style=\"font-size:14pt\"> as \u00e9<\/span><span style=\"font-size:14pt\">adan,<\/span><span style=\"font-size:14pt\"> acu fh\u00e9<\/span><span style=\"font-size:14pt\">in. <\/span><span style=\"font-size:14pt\">\u2018N\u00e1 d\u00e9<\/span><span style=\"font-size:14pt\">an<\/span><span style=\"font-size:14pt\"> mar a d\u00e9<\/span><span style=\"font-size:14pt\">anaimse<\/span><span style=\"font-size:14pt\">, ach d\u00e9<\/span><span style=\"font-size:14pt\">an mar adeirim.<\/span><span style=\"font-size:14pt\">\u2019<\/span><span style=\"font-size:14pt\">&nbsp;&nbsp;&nbsp;&nbsp;&nbsp;<\/span><\/p><p style=\"text-align:justify;margin-top:0pt;padding-top:0;margin-bottom:0pt;padding-bottom:0;line-height:1.8;font-size:12pt\"><span style=\"font-size:14pt\">Athbhliain faoi mhaise agus faoi bhl\u00e1th dhaoibh go l\u00e9ir, agus n\u00e1 cuireadh <\/span><span style=\"font-size:14pt\">\u2018<\/span><span style=\"font-size:14pt\">an braon anuas<\/span><span style=\"font-size:14pt\">\u2019<\/span><span style=\"font-size:14pt\"> isteach <\/span><span style=\"font-size:14pt\">n\u00f3 amach <\/span><span style=\"font-size:14pt\">oraibh fh\u00e9in, n\u00f3 ar bhur gc\u00faram<\/span><span style=\"font-size:14pt\">,<\/span><span style=\"font-size:14pt\"> i rit<\/span><span style=\"font-size:14pt\">h na bliana at\u00e1 r\u00f3mhainn amach.<\/span><\/p><p style=\"text-align:justify;margin-top:0pt;padding-top:0;margin-bottom:0pt;padding-bottom:0;line-height:1.8;font-size:12pt\"><span style=\"font-size:14pt\">Go mbeirimid beo ar an am seo ar\u00eds.<\/span><\/p><p style=\"margin-top:0pt;padding-top:0;margin-bottom:0pt;padding-bottom:0;line-height:1.8;font-size:12pt\"><span style=\"height:1em\"><span>.<\/span><\/span><\/p><p style=\"text-align:justify;margin-top:0pt;padding-top:0;margin-bottom:0pt;padding-bottom:0;line-height:1.8;font-size:12pt\"><span style=\"height:1em\"><span>.<\/span><\/span><\/p>","protected":false},"excerpt":{"rendered":"<p>. R\u00fain Athbhliana ! Peadar Bair\u00e9ad . (An tr\u00e1th sin bliana tagtha ar\u00eds&#8230;New Year Resolutions Time ) . Sc\u00e1ile na R\u00fan . Ag caint ar R\u00fain Athbhliana, d\u00e9arfainn go bhfuil m\u00e9 fh\u00e9in beag\u00e1in\u00edn r\u00f3-aosta anois do n\u00f3s sin na R\u00fain Athbhliana, ach n\u00ed hionann sin is a r\u00e1 nach raibh m\u00e9 tugtha don n\u00f3s c\u00e9anna [&hellip;]<\/p>\n","protected":false},"author":2,"featured_media":13435,"comment_status":"open","ping_status":"open","sticky":false,"template":"","format":"standard","meta":{"nf_dc_page":"","_et_pb_use_builder":"","_et_pb_old_content":"","_et_gb_content_width":"","footnotes":""},"categories":[1],"tags":[],"class_list":["post-13123","post","type-post","status-publish","format-standard","has-post-thumbnail","hentry","category-gan-chatagoir"],"_links":{"self":[{"href":"https:\/\/mickgb.com\/ga\/wp-json\/wp\/v2\/posts\/13123","targetHints":{"allow":["GET"]}}],"collection":[{"href":"https:\/\/mickgb.com\/ga\/wp-json\/wp\/v2\/posts"}],"about":[{"href":"https:\/\/mickgb.com\/ga\/wp-json\/wp\/v2\/types\/post"}],"author":[{"embeddable":true,"href":"https:\/\/mickgb.com\/ga\/wp-json\/wp\/v2\/users\/2"}],"replies":[{"embeddable":true,"href":"https:\/\/mickgb.com\/ga\/wp-json\/wp\/v2\/comments?post=13123"}],"version-history":[{"count":1,"href":"https:\/\/mickgb.com\/ga\/wp-json\/wp\/v2\/posts\/13123\/revisions"}],"predecessor-version":[{"id":13124,"href":"https:\/\/mickgb.com\/ga\/wp-json\/wp\/v2\/posts\/13123\/revisions\/13124"}],"wp:featuredmedia":[{"embeddable":true,"href":"https:\/\/mickgb.com\/ga\/wp-json\/wp\/v2\/media\/13435"}],"wp:attachment":[{"href":"https:\/\/mickgb.com\/ga\/wp-json\/wp\/v2\/media?parent=13123"}],"wp:term":[{"taxonomy":"category","embeddable":true,"href":"https:\/\/mickgb.com\/ga\/wp-json\/wp\/v2\/categories?post=13123"},{"taxonomy":"post_tag","embeddable":true,"href":"https:\/\/mickgb.com\/ga\/wp-json\/wp\/v2\/tags?post=13123"}],"curies":[{"name":"wp","href":"https:\/\/api.w.org\/{rel}","templated":true}]}}