{"id":13179,"date":"2017-04-04T11:00:00","date_gmt":"2017-04-04T11:00:00","guid":{"rendered":"https:\/\/mickgb.com\/?p=13179"},"modified":"2024-04-08T01:15:59","modified_gmt":"2024-04-08T01:15:59","slug":"saolaiodh-ailleacht-uafar-5","status":"publish","type":"post","link":"https:\/\/mickgb.com\/ga\/saolaiodh-ailleacht-uafar-5\/","title":{"rendered":"Saola\u00edodh \u00c1illeacht Uafar.  5"},"content":{"rendered":"<p style=\"text-align:center;margin-top:0pt;padding-top:0;margin-bottom:0pt;padding-bottom:0;line-height:1.8;font-size:12pt\"><strong><span style=\"font-size:28pt\">Saola\u00edodh \u00c1<\/span><span style=\"font-size:28pt\">illeacht Uafar  5<\/span><\/strong><\/p><p style=\"margin-top:0pt;padding-top:0;margin-bottom:0pt;padding-bottom:0;line-height:1.8;font-size:12pt\"><span style=\"font-size:14pt\">Peadar Bair\u00e9ad<\/span><\/p><p style=\"text-align:justify;margin-top:0pt;padding-top:0;margin-bottom:0pt;padding-bottom:0;line-height:1.8;font-size:12pt\"><span style=\"height:1em\"><span>.<\/span><\/span><\/p><p style=\"text-align:center;margin-top:0pt;padding-top:0;margin-bottom:0pt;padding-bottom:0;line-height:1.8;font-size:12pt\"><strong><span style=\"font-size:18pt\">T\u00fas  maith<\/span><\/strong><\/p><p style=\"text-align:justify;margin-top:0pt;padding-top:0;margin-bottom:0pt;padding-bottom:0;line-height:1.8;font-size:12pt\"><span style=\"font-size:14pt\">Nach minic a dh\u00e9antar dearmad ar chumas an Phiarsaigh mar \u00f3r\u00e1i<\/span><span style=\"font-size:14pt\">d\u00ed, faoi mar n\u00e1r den t\u00e1bhacht \u00e9<\/span><span style=\"font-size:14pt\"> a scil san eala\u00edn sin a scr\u00fad\u00fa agus a mheas.  Caithfear a chur san \u00e1ireamh, g<\/span><span style=\"font-size:14pt\">o mb\u00edonn ar an \u00f3r\u00e1id\u00ed a<\/span><span style=\"font-size:14pt\"> \u00f3r\u00e1id a scr\u00edobh, agus a athscr\u00edobh, a shnas\u00fa, a bhearradh, agus a chur in <\/span><span style=\"font-size:14pt\">oiri\u00faint do chluas a lucht \u00e9ist<\/span><span style=\"font-size:14pt\">eachta.  Chuir an Piarsach t\u00fas lena scil san eala\u00edn seo le linn a \u00f3ige, n\u00f3 ba iad a chlann fh\u00e9in a ch\u00e9ad lucht \u00e9isteachta.  Ba dhia beag ag a dhearth\u00e1ir Willie \u00e9, agus bh\u00ed meas an domhain ag a dheirfi\u00far \u00f3g, Mary Bridget, air, agus b\u00edodh gur choinnigh a dheirfi\u00far eile, Margaret, faoi smacht \u00e9, ag an am gc\u00e9anna, mhisnigh s\u00ed, agus ghr\u00edosaigh s\u00ed \u00e9.  <\/span><\/p><p style=\"text-align:justify;margin-top:0pt;padding-top:0;margin-bottom:0pt;padding-bottom:0;line-height:1.8;font-size:12pt\"><span style=\"font-size:14pt\">M\u00e1 bhreathna\u00edonn t\u00fa ar a dhr\u00e1ma\u00ed, tabharfaidh t\u00fa faoi deara, gur mhinic \u00fas\u00e1id \u00e1 bhaint <\/span><span style=\"font-size:14pt\">aige as \u00f3r\u00e1id<\/span><span style=\"font-size:14pt\">\u00ed<\/span><span style=\"font-size:14pt\">,<\/span><span style=\"font-size:14pt\"> faoi mar a bheadh s\u00e9 ag iarraidh<\/span><span style=\"font-size:14pt\"> a scil san \u00f3r\u00e1id\u00edocht a shnas\u00fa<\/span><span style=\"font-size:14pt\">. T\u00e1 sampla\u00ed d\u00e1 leith\u00e9id le fail in \u201cAn R\u00ed\u201d agus ar\u00eds in \u201cThe Singer\u201d.  Agus fi\u00fa i nd\u00e1nta cos\u00fail le \u201cThe Fool\u201d feicimid go bhfuil an claonadh chun \u00f3r\u00e1id\u00edochta, le tabhairt faoi deara ann. <\/span><\/p><p style=\"text-align:center;margin-top:0pt;padding-top:0;margin-bottom:0pt;padding-bottom:0;line-height:1.8;font-size:12pt\"><strong><span style=\"font-size:18pt\">Crutha\u00edonn an oc\u00e1id an fear<\/span><\/strong><\/p><p style=\"text-align:justify;margin-top:0pt;padding-top:0;margin-bottom:0pt;padding-bottom:0;line-height:1.8;font-size:12pt\"><span style=\"font-size:14pt\">Ach gan aon dabht, ba <\/span><span style=\"font-size:14pt\">\u00ed an \u00f3r\u00e1id a thug s\u00e9 ag uaigh U\u00ed Dhonnabh\u00e1in Rossa, buaic a cheirde mar \u00f3r\u00e1id\u00ed  Le sin a mheas, caithfidh t\u00fa an \u00f3r\u00e1id sin a l\u00e9amh athuair.  Tharla an tsochraid sin L\u00e1 L\u00fanasa na bliana 1915.  <\/span><span style=\"font-size:14pt\">Tugann muid faoi deara,<\/span><span style=\"font-size:14pt\"> go mbaineann s\u00e9 \u00fas\u00e1id as roinnt \u00e1irithe Gaeilge, le t\u00fas a chur lena adhmholadh.  Feiceann muid go bhfuil 905 focal san \u00f3r\u00e1id ar fad, agus gur thart ar 165 focal d\u00edobh sin at\u00e1 i nGaeilge, rud a fh\u00e1gann go bhfuil 740 focal de i mB\u00e9arla aige.  Anois, b\u00edodh nach r\u00f3-fhada an \u00f3r\u00e1id \u00ed, ag an am gc\u00e9anna n\u00ed fol\u00e1ir n\u00f3 chaith s\u00e9 an-chuid ama ag scr\u00edobh, ag snas\u00fa, ag athscr\u00edobh, agus ag <\/span><span style=\"font-size:14pt\">cleachtadh na h\u00f3r\u00e1ide c\u00e9anna sin.  T\u00e1 thart ar 39 bhfocal  i nGaeilge, san \u00f3r\u00e1id, a bhfuil iontaofacht an d\u00fachais le f\u00e1il iontu, focail at\u00e1 ar chomhch\u00e9im leis an \u00f3c\u00e1id soll\u00fanta inar \u00fas\u00e1ideadh iad<\/span>. <\/p><p style=\"text-align:center;margin-top:0pt;padding-top:0;margin-bottom:0pt;padding-bottom:0;line-height:1.8;font-size:12pt\"><strong><span style=\"font-size:18pt\">Blas an D\u00fachais<\/span><\/strong><\/p><p style=\"text-align:justify;margin-top:0pt;padding-top:0;margin-bottom:0pt;padding-bottom:0;line-height:1.8;font-size:12pt\"><span style=\"font-size:14pt\">Breathnaigh mar a d\u2019iompaigh an Piarsach ar an nDonnabh\u00e1nach, agus mar a labhair s\u00e9 go d\u00edreach l<\/span><span style=\"font-size:14pt\">eis an t\u00e9 sin, a raibh an chr\u00e9 \u00e1<\/span><span style=\"font-size:14pt\"> roinnt leis, ar an \u00f3c\u00e1id speisialta sin&#8230;&#8230;..<\/span><\/p><p style=\"text-align:justify;margin-top:0pt;padding-top:0;margin-bottom:0pt;padding-bottom:0;line-height:1.8;font-size:12pt;margin-left:72pt\"><span style=\"font-size:14pt\">\u201c<\/span><span style=\"font-size:14pt\">Ba chalma an fear th\u00fa a Dhiarmaid&#8230;&#8230;.<\/span><span style=\"font-size:14pt\">\u201d<\/span><\/p><p style=\"text-align:justify;margin-top:0pt;padding-top:0;margin-bottom:0pt;padding-bottom:0;line-height:1.8;font-size:12pt\"><span style=\"font-size:14pt\">F\u00e9ach mar a \u00fas\u00e1ideann s\u00e9 a ainm baiste.  Baineann an n\u00f3s sin go dl\u00fath le n\u00f3s an Chaointe fh\u00e9in, agus b\u2019in mar a labhradh na mn\u00e1 caointe, fad\u00f3, le linn d\u00f3ibh a gcaoine<\/span><span style=\"font-size:14pt\">adh a chanadh.<\/span><span style=\"font-size:14pt\"> <\/span><span style=\"font-size:14pt\">&#8211; <\/span><span style=\"font-size:14pt\">Is cuimhin liom fh\u00e9in gur chuala m\u00e9 mn\u00e1<\/span><span style=\"font-size:14pt\"> caointe i mbun oibre ag torramh<\/span><span style=\"font-size:14pt\">, agus gan ionnam ach \u2018leaid\u00ed<\/span><span style=\"font-size:14pt\">n<\/span><span style=\"font-size:14pt\"> \u00f3<\/span><span style=\"font-size:14pt\">g<\/span><span style=\"font-size:14pt\">\u2019<\/span><span style=\"font-size:14pt\"> ag an am. Fanann a chuimhne<\/span><span style=\"font-size:14pt\"> sin liom go dt\u00ed <\/span><span style=\"font-size:14pt\">an l\u00e1 at\u00e1 inniu ann, n\u00f3<\/span><span style=\"font-size:14pt\"> rug s\u00e9 ghreim ar chraiceann mo dhroma<\/span><span style=\"font-size:14pt\"> ag an am.<\/span><span style=\"font-size:14pt\"> &#8211;<\/span><span style=\"font-size:14pt\"> T\u00e1 s\u00e9 snasta, gearrtha siar, bearrtha, feannta go dti an cn\u00e1mh, beoga, l\u00e1n fuinnimh, agus \u00e9 chomh teann le sprionga.  <\/span><\/p><p style=\"text-align:center;margin-top:0pt;padding-top:0;margin-bottom:0pt;padding-bottom:0;line-height:1.8;font-size:12pt\"><strong><span style=\"font-size:18pt\">In aon abairt amh\u00e1in !<\/span><\/strong><\/p><p style=\"text-align:justify;margin-top:0pt;padding-top:0;margin-bottom:0pt;padding-bottom:0;line-height:1.8;font-size:12pt\"><span style=\"font-size:14pt\">M\u00e1 dh\u00e9a<\/span><span style=\"font-size:14pt\">naim athlua ar chuid<\/span><span style=\"font-size:14pt\"> <\/span><span style=\"font-size:14pt\">d\u2019<\/span><span style=\"font-size:14pt\">abairt as, tuigfidh t\u00fa c\u00e9ard \u00e9 go d\u00edreach at\u00e1 i gceist agam&#8230;. <\/span><\/p><p style=\"text-align:justify;margin-top:0pt;padding-top:0;margin-bottom:0pt;padding-bottom:0;line-height:1.8;font-size:12pt;margin-left:36pt\"><span style=\"font-size:14pt\">\u201cIt has seemed right, before we turn <\/span><span style=\"font-size:14pt\">a<\/span><span style=\"font-size:14pt\">way from this place in which we have laid <\/span><span style=\"font-size:14pt\">the <\/span><span style=\"font-size:14pt\">mortal remains of O\u2019Donovan Rossa, that one among us should in the name of all speak the praise of that valient man and endeavour to formulate the thought and the hope that are in us as we stand around his grave,<\/span><span style=\"font-size:14pt\">&#8230;\u201d<\/span><span style=\"font-size:14pt\"> <\/span><\/p><p style=\"text-align:justify;margin-top:0pt;padding-top:0;margin-bottom:0pt;padding-bottom:0;line-height:1.8;font-size:12pt\"><span style=\"font-size:14pt\">Abairt r\u00e9as\u00fanta fada <\/span><span style=\"font-size:14pt\">at\u00e1 <\/span><span style=\"font-size:14pt\">ansin againn!  a<\/span><span style=\"font-size:14pt\">ch abairt a shileann go h\u00e9asca \u00f3n dteanga, agus a sh\u00e1sa\u00edonn \u00e1r nd\u00fail i rithim agus i gceol, ach abairt at\u00e1 bearrtha, sl\u00edoctha, snasta, \u00f3 th\u00fas deireadh.  B\u2019fh\u00e9idir gur chomhoibrigh a chomhleaca\u00ed, Tom\u00e1s Mac Donnch\u00fa leis, sa bhfionta<\/span><span style=\"font-size:14pt\">r sin, n\u00f3 ba scili\u00fail, ild\u00e1nach \u00e9<\/span><span style=\"font-size:14pt\"> an fear c\u00e9anna sin i mbun gn\u00f3 d\u00e1 leith\u00e9id.  <\/span><\/p><p style=\"text-align:justify;margin-top:0pt;padding-top:0;margin-bottom:0pt;padding-bottom:0;line-height:1.8;font-size:12pt\"><span style=\"font-size:14pt\">Ba mh\u00e1istri\u00fail an t-adhmholadh \u00e9, snasta, gonta, \u00e9ifeachtach, agus \u00f3n n\u00f3im\u00e9ad sin amach, <\/span><span style=\"font-size:14pt\">tuigtear gur <\/span><span style=\"font-size:14pt\">glacadh leis, gurbh \u00e9 an Piarsach pr\u00edomh\u00f3r\u00e1id\u00ed an traidisi\u00fain phoblacht\u00e1naigh.  Thug an t-adhmholadh c\u00e9anna sin ard\u00fa c\u00e9ime d\u00f3, i measc an dreama \u00fad, ar mh\u00f3r acu oidhreacht agus neamhsple\u00e1chas an n\u00e1isi\u00fain Ghaelaigh.  Ba mh\u00f3r \u00e9 meas an Ghaeil, chuile l\u00e1 riamh, ar an \u00f3r\u00e1id\u00ed, ar an bhfile, ar an saoi, agus ar an ndraoi focal.<\/span><\/p><p style=\"text-align:justify;margin-top:0pt;padding-top:0;margin-bottom:0pt;padding-bottom:0;line-height:2.4;font-size:12pt;margin-left:108pt\">Tuilleadh le teacht.<\/p>","protected":false},"excerpt":{"rendered":"<p>Saola\u00edodh \u00c1illeacht Uafar 5 Peadar Bair\u00e9ad . T\u00fas maith Nach minic a dh\u00e9antar dearmad ar chumas an Phiarsaigh mar \u00f3r\u00e1id\u00ed, faoi mar n\u00e1r den t\u00e1bhacht \u00e9 a scil san eala\u00edn sin a scr\u00fad\u00fa agus a mheas. Caithfear a chur san \u00e1ireamh, go mb\u00edonn ar an \u00f3r\u00e1id\u00ed a \u00f3r\u00e1id a scr\u00edobh, agus a athscr\u00edobh, a shnas\u00fa, [&hellip;]<\/p>\n","protected":false},"author":2,"featured_media":13435,"comment_status":"open","ping_status":"open","sticky":false,"template":"","format":"standard","meta":{"nf_dc_page":"","_et_pb_use_builder":"","_et_pb_old_content":"","_et_gb_content_width":"","footnotes":""},"categories":[1],"tags":[],"class_list":["post-13179","post","type-post","status-publish","format-standard","has-post-thumbnail","hentry","category-gan-chatagoir"],"_links":{"self":[{"href":"https:\/\/mickgb.com\/ga\/wp-json\/wp\/v2\/posts\/13179","targetHints":{"allow":["GET"]}}],"collection":[{"href":"https:\/\/mickgb.com\/ga\/wp-json\/wp\/v2\/posts"}],"about":[{"href":"https:\/\/mickgb.com\/ga\/wp-json\/wp\/v2\/types\/post"}],"author":[{"embeddable":true,"href":"https:\/\/mickgb.com\/ga\/wp-json\/wp\/v2\/users\/2"}],"replies":[{"embeddable":true,"href":"https:\/\/mickgb.com\/ga\/wp-json\/wp\/v2\/comments?post=13179"}],"version-history":[{"count":1,"href":"https:\/\/mickgb.com\/ga\/wp-json\/wp\/v2\/posts\/13179\/revisions"}],"predecessor-version":[{"id":13180,"href":"https:\/\/mickgb.com\/ga\/wp-json\/wp\/v2\/posts\/13179\/revisions\/13180"}],"wp:featuredmedia":[{"embeddable":true,"href":"https:\/\/mickgb.com\/ga\/wp-json\/wp\/v2\/media\/13435"}],"wp:attachment":[{"href":"https:\/\/mickgb.com\/ga\/wp-json\/wp\/v2\/media?parent=13179"}],"wp:term":[{"taxonomy":"category","embeddable":true,"href":"https:\/\/mickgb.com\/ga\/wp-json\/wp\/v2\/categories?post=13179"},{"taxonomy":"post_tag","embeddable":true,"href":"https:\/\/mickgb.com\/ga\/wp-json\/wp\/v2\/tags?post=13179"}],"curies":[{"name":"wp","href":"https:\/\/api.w.org\/{rel}","templated":true}]}}