{"id":13187,"date":"2017-04-04T11:00:00","date_gmt":"2017-04-04T11:00:00","guid":{"rendered":"https:\/\/mickgb.com\/?p=13187"},"modified":"2024-04-08T01:15:59","modified_gmt":"2024-04-08T01:15:59","slug":"saolta-ag-athru-2","status":"publish","type":"post","link":"https:\/\/mickgb.com\/ga\/saolta-ag-athru-2\/","title":{"rendered":"Saolta ag athr\u00fa  2"},"content":{"rendered":"<p style=\"text-align:center;margin-top:0pt;padding-top:0;margin-bottom:10pt;padding-bottom:0;line-height:1.8\"><strong><span style=\"font-size:28pt\">Saolta  ag Athr\u00fa<\/span><span style=\"font-size:28pt\">&nbsp;&nbsp;<\/span><span style=\"font-size:28pt\"> <\/span><span style=\"font-size:28pt\">2<\/span><\/strong><\/p><p style=\"margin-top:0pt;padding-top:0;margin-bottom:10pt;padding-bottom:0;line-height:1.8\"><span style=\"font-size:14pt\">Peadar Bair\u00e9ad<\/span><\/p><p style=\"text-align:center;margin-top:0pt;padding-top:0;margin-bottom:10pt;padding-bottom:0;line-height:1.8\"><strong><span style=\"font-size:12pt\"><em>(This week we<\/em><\/span><span style=\"font-size:12pt\"><em> consider <\/em><\/span><span style=\"font-size:12pt\"><em>our attempt<\/em><\/span><span style=\"font-size:12pt\"><em>s<\/em><\/span><span style=\"font-size:12pt\"><em> to operate a Minority Government)<\/em><\/span><\/strong><\/p><p style=\"text-align:center;margin-top:0pt;padding-top:0;margin-bottom:10pt;padding-bottom:0;line-height:1.8\"><span style=\"height:1em\"><span>.<\/span><\/span><\/p><p style=\"text-align:center;margin-top:0pt;padding-top:0;margin-bottom:10pt;padding-bottom:0;line-height:1.8\"><strong><span style=\"font-size:18pt\">Rialtas Mionlaigh<\/span><\/strong><\/p><p style=\"text-align:justify;margin-top:0pt;padding-top:0;margin-bottom:10pt;padding-bottom:0;line-height:1.8\"><span style=\"font-size:14pt\">Chonaic muid<\/span><span style=\"font-size:14pt\">,<\/span><span style=\"font-size:14pt\"> an tseachtain seo caite, faoi mar a tharla<\/span><span style=\"font-size:14pt\"> i ndiaidh an toghch\u00e1in<\/span><span style=\"font-size:14pt\"> deiridh<\/span><span style=\"font-size:14pt\">, nach raibh an dara rogha ag \u00e1r dTeachta\u00ed<\/span><span style=\"font-size:14pt\"> <\/span><span style=\"font-size:14pt\">D\u00e1la ach Rialtas Mionlaigh a bhun\u00fa, sin n\u00f3 dul ar ais chuig na v\u00f3t\u00f3ir\u00ed, ag iarraidh orthu sainord\u00fa nua thabhairt d\u00f3<\/span><span style=\"font-size:14pt\">ibh<\/span><span style=\"font-size:14pt\">, le Rialtas nua a bhun\u00fa, agus n\u00e1<\/span><span style=\"font-size:14pt\">r<\/span><span style=\"font-size:14pt\"> maith a th<\/span><span style=\"font-size:14pt\">uig siad nach mbeadh an pobal c\u00e9anna r\u00f3-sh\u00e1<\/span><span style=\"font-size:14pt\">sta le socr\u00fa d\u00e1 leith\u00e9id<\/span><span style=\"font-size:14pt\">,<\/span><span style=\"font-size:14pt\"> tar \u00e9<\/span><span style=\"font-size:14pt\">is<\/span><span style=\"font-size:14pt\"> d\u00e1 dTeachta\u00ed<\/span><span style=\"font-size:14pt\"> <\/span><span style=\"font-size:14pt\"> dh\u00e1 mh\u00ed<\/span><span style=\"font-size:14pt\"> a chaitheamh ag iarraidh toil<\/span><span style=\"font-size:14pt\"> na v\u00f3t\u00f3ir\u00ed a chur i gcr\u00ed<\/span><span style=\"font-size:14pt\">ch<\/span><span style=\"font-size:14pt\">,<\/span><span style=\"font-size:14pt\"> agus <\/span><span style=\"font-size:14pt\">gan de thoradh ar a n-iarrachta\u00ed<\/span><span style=\"font-size:14pt\"> <\/span><span style=\"font-size:14pt\">uilig, <\/span><span style=\"font-size:14pt\">ach an te<\/span><span style=\"font-size:14pt\">ip. Nuair a cuireradh chuile sh\u00f3rt sa mhe\u00e1, ba \u00e9<\/span><span style=\"font-size:14pt\"> a shocraigh<\/span><span style=\"font-size:14pt\"> siad<\/span><span style=\"font-size:14pt\">, i ndeireadh na d\u00e1<\/span><span style=\"font-size:14pt\">la n\u00f3 go ligf\u00ed<\/span><span style=\"font-size:14pt\"> do Fhine Gael Rialtas a chumadh<\/span><span style=\"font-size:14pt\">, agus gheall Fianna F\u00e1il go nglacfaid\u00eds fh\u00e9<\/span><span style=\"font-size:14pt\">in leis an socru sin<\/span><span style=\"font-size:14pt\">, ar choinn\u00ed<\/span><span style=\"font-size:14pt\">oll go<\/span><span style=\"font-size:14pt\"> leanfadh an Rialtas sin polasa\u00ed a bheadh inghlactha d\u00f3<\/span><span style=\"font-size:14pt\">ibhsean.<\/span><\/p><p style=\"text-align:justify;margin-top:0pt;padding-top:0;margin-bottom:10pt;padding-bottom:0;line-height:1.8\"><span style=\"font-size:14pt\">Nuair a l\u00e9amar faoin socr\u00fa sin a ch\u00e9aduair, ba \u00e9 a cheapamar n\u00f3<\/span><span style=\"font-size:14pt\"> nach <\/span><span style=\"font-size:14pt\">mbeadh Rialtas d\u00e1 leith\u00e9<\/span><span style=\"font-size:14pt\">id inmharthana<\/span><span style=\"font-size:14pt\">, agus nach mbeadh aige ach saol fata i mb\u00e9al muice!<\/span><span style=\"font-size:14pt\"> Bh\u00ed breall orainn \u00e1fach, agus b\u00edodh n\u00e1<\/span><span style=\"font-size:14pt\">r aontaigh <\/span><span style=\"font-size:14pt\">siad <\/span><span style=\"font-size:14pt\">faoi chuile sh\u00f3rt, ag an am gc\u00e9anna<\/span><span style=\"font-size:14pt\">,<\/span><span style=\"font-size:14pt\"> n\u00ed<\/span><span style=\"font-size:14pt\">or deineadh aon cheo<\/span><span style=\"font-size:14pt\"> f\u00f3<\/span><span style=\"font-size:14pt\">s<\/span><span style=\"font-size:14pt\"> a phl\u00e9ascfadh an socr\u00fa<\/span><span style=\"font-size:14pt\"> a rinneadh in am an gh\u00e1tair, agus nuair a smaoin\u00edonn t\u00fa air, t\u00e1 ualach asail de bhunt\u00e1ist\u00ed<\/span><span style=\"font-size:14pt\"> ag baint<\/span><span style=\"font-size:14pt\"> leis an socr\u00fa \u00fad a bhunaigh \u00e1<\/span><span style=\"font-size:14pt\">r Rialtas Mionlaigh.<\/span><\/p><p style=\"text-align:center;margin-top:0pt;padding-top:0;margin-bottom:10pt;padding-bottom:0;line-height:1.8\"><strong><span style=\"font-size:18pt\">Bunt\u00e1ist\u00ed<\/span><span style=\"font-size:18pt\">&#8230;<\/span><\/strong><\/p><p style=\"text-align:justify;margin-top:0pt;padding-top:0;margin-bottom:10pt;padding-bottom:0;line-height:1.8\"><span style=\"font-size:14pt\">Bunt\u00e1ist\u00ed! adeir t\u00fa? Cad iad na bunt\u00e1ist\u00ed a bhainfeadh le socr\u00fa ciotach d\u00e1 leith\u00e9<\/span><span style=\"font-size:14pt\">id?<\/span><\/p><p style=\"text-align:justify;margin-top:0pt;padding-top:0;margin-bottom:10pt;padding-bottom:0;line-height:1.8\"><span style=\"font-size:14pt\">Bhuel! ar an gc\u00e9ad dul s\u00edos, is iarracht \u00e9, ar dheacracht in \u00e1r gc\u00f3<\/span><span style=\"font-size:14pt\">ras daonlathach a <\/span><span style=\"font-size:14pt\">leigheas, agus caithfear a admh\u00e1<\/span><span style=\"font-size:14pt\">il<\/span><span style=\"font-size:14pt\">,<\/span><span style=\"font-size:14pt\"> <\/span><span style=\"font-size:14pt\">go r<\/span><span style=\"font-size:14pt\">aibh thart ar dh\u00e1 mh\u00ed caite ag \u00e1<\/span><span style=\"font-size:14pt\">r dTeachta\u00ed<\/span><span style=\"font-size:14pt\"> <\/span><span style=\"font-size:14pt\">nuatofa D\u00e1<\/span><span style=\"font-size:14pt\">la<\/span><span style=\"font-size:14pt\">,<\/span><span style=\"font-size:14pt\"> ag <\/span><span style=\"font-size:14pt\">iarraidh Rialtas M\u00f3<\/span><span style=\"font-size:14pt\">raimh a bhun\u00fa, agus \u00e9 ag teip glan orthu a leith\u00e9id a dh\u00e9<\/span><span style=\"font-size:14pt\">anamh,  agus thuigfeadh duine ar bith <\/span><span style=\"font-size:14pt\">nach raibh ach dh\u00e1<\/span><span style=\"font-size:14pt\"> rogha f<\/span><span style=\"font-size:14pt\">anta acu ansin, agus sin Toghch\u00e1n nua a eagr\u00fa, n\u00f3<\/span><span style=\"font-size:14pt\"> Rialtas Mionlaigh<\/span><span style=\"font-size:14pt\"> a bhun\u00fa, agus b\u00edodh nach rabhthas r\u00f3-sh\u00e1<\/span><span style=\"font-size:14pt\">sta a <\/span><span style=\"font-size:14pt\">leith\u00e9<\/span><span style=\"font-size:14pt\">id<\/span><span style=\"font-size:14pt\"> de Rialtas a bhun\u00fa, ag an am gc\u00e9<\/span><span style=\"font-size:14pt\">anna, b\u2019<\/span><span style=\"font-size:14pt\">fhearr sin<\/span><span style=\"font-size:14pt\">, d\u00e1r leo,<\/span><span style=\"font-size:14pt\"> n\u00e1 dul ar ais chuig na v\u00f3t\u00f3ir\u00ed<\/span><span style=\"font-size:14pt\"> le<\/span><span style=\"font-size:14pt\"> sainord\u00fa<\/span><span style=\"font-size:14pt\"> nua a lorg. <\/span><\/p><p style=\"text-align:justify;margin-top:0pt;padding-top:0;margin-bottom:10pt;padding-bottom:0;line-height:1.8\"><span style=\"font-size:14pt\">Agus ar an dara dul s\u00edos,<\/span><span style=\"font-size:14pt\"> b\u2019fh\u00e9idir go bhfuil muid tar \u00e9<\/span><span style=\"font-size:14pt\">is teacht<\/span><span style=\"font-size:14pt\">,<\/span><span style=\"font-size:14pt\"> <\/span><span style=\"font-size:14pt\">de thimpiste,<\/span><span style=\"font-size:14pt\"> ar eiseaml\u00e1<\/span><span style=\"font-size:14pt\">i<\/span><span style=\"font-size:14pt\">r nua Rialtais<\/span><span style=\"font-size:14pt\">, agus m\u00e1 oibr\u00edonn s\u00e9, bhuel, b\u2019fh\u00e9idir go nglacfa\u00ed<\/span><span style=\"font-size:14pt\"> leis feasta<\/span><span style=\"font-size:14pt\">, mar r\u00e9<\/span><span style=\"font-size:14pt\">alt eolais a <\/span><span style=\"font-size:14pt\">threoireodh i dtreo Th\u00ed<\/span><span style=\"font-size:14pt\">r T<\/span><span style=\"font-size:14pt\">airngire<\/span><span style=\"font-size:14pt\"> sinn. Anuas <\/span><span style=\"font-size:14pt\">go dt\u00ed<\/span><span style=\"font-size:14pt\"> seo<\/span><span style=\"font-size:14pt\">, n\u00ed raibh ach sampla amh\u00e1<\/span><span style=\"font-size:14pt\">in againn  de Rialtas Mionlaigh<\/span><span style=\"font-size:14pt\">, agus sa ch\u00e1s sin, n\u00ed raibh ach P\u00e1irt\u00ed amh\u00e1in ag feidhmi\u00fa<\/span><span style=\"font-size:14pt\"> mar Rialtas<\/span><span style=\"font-size:14pt\">, agus an dara P\u00e1irt\u00ed m\u00f3<\/span><span style=\"font-size:14pt\">r <\/span><span style=\"font-size:14pt\">s\u00e1<\/span><span style=\"font-size:14pt\">s<\/span><span style=\"font-size:14pt\">ta cead a gcos a thabhairt d\u00f3<\/span><span style=\"font-size:14pt\">ibh, chomh fada is a l<\/span><span style=\"font-size:14pt\">eanfaid\u00ed<\/span><span style=\"font-size:14pt\">s<\/span><span style=\"font-size:14pt\"> polasa\u00ed<\/span><span style=\"font-size:14pt\"> a bheadh ag teacht len<\/span><span style=\"font-size:14pt\">a ndearcadh si\u00fa<\/span><span style=\"font-size:14pt\">d ar leas an phobail. Mar sin, s<\/span><span style=\"font-size:14pt\">ocra\u00ed<\/span><span style=\"font-size:14pt\">odh ar<\/span><span style=\"font-size:14pt\"> chine\u00e1<\/span><span style=\"font-size:14pt\">l nua Rialtais a b<\/span><span style=\"font-size:14pt\">hun\u00fa mar<\/span><span style=\"font-size:14pt\"> thoradh<\/span><span style=\"font-size:14pt\"> ar <\/span><span style=\"font-size:14pt\">a <\/span><span style=\"font-size:14pt\">g<\/span><span style=\"font-size:14pt\">cainteanna agus<\/span><span style=\"font-size:14pt\"> a<\/span><span style=\"font-size:14pt\"> m<\/span><span style=\"font-size:14pt\">arga\u00ed<\/span><span style=\"font-size:14pt\">ocht<\/span><span style=\"font-size:14pt\">. Ach, le filleadh ar na bunt\u00e1ist\u00ed<\/span><span style=\"font-size:14pt\"> a <\/span><span style=\"font-size:14pt\">bheidh ag Rialtas d\u00e1<\/span><span style=\"font-size:14pt\"> le<\/span><span style=\"font-size:14pt\">ith\u00e9<\/span><span style=\"font-size:14pt\">id<\/span><span style=\"font-size:14pt\"> a bhun\u00fa, caithfidh muid a chur san \u00e1<\/span><span style=\"font-size:14pt\">ireamh,<\/span><span style=\"font-size:14pt\"> ar dt\u00fa<\/span><span style=\"font-size:14pt\">s,<\/span><span style=\"font-size:14pt\"> nach mb\u00ed<\/span><span style=\"font-size:14pt\">odh i gceist<\/span><span style=\"font-size:14pt\">,<\/span><span style=\"font-size:14pt\"> go nuige seo,<\/span><span style=\"font-size:14pt\"> <\/span><span style=\"font-size:14pt\">ach<\/span><span style=\"font-size:14pt\"> Rialtais AonPh\u00e1irt\u00ed, sin n\u00f3<\/span><span style=\"font-size:14pt\"> Comhrialtas<\/span><span style=\"font-size:14pt\">, ach go dt\u00ed seo n\u00ed bh\u00ed<\/span><span style=\"font-size:14pt\">o<\/span><span style=\"font-size:14pt\">dh glacadh ar bith le Neamhsple\u00e1<\/span><span style=\"font-size:14pt\">igh mar bhaill de Rialtas, ach an babhta seo, tharla go raibh na Neamhsple<\/span><span style=\"font-size:14pt\">\u00e1<\/span><span style=\"font-size:14pt\">igh eagraithe mar<\/span><span style=\"font-size:14pt\"> mhionph\u00e1<\/span><span style=\"font-size:14pt\">irtithe, ar mhaith<\/span><span style=\"font-size:14pt\">e lena leas fh\u00e9<\/span><span style=\"font-size:14pt\">in<\/span><span style=\"font-size:14pt\">, agus leas a bpobail,<\/span><span style=\"font-size:14pt\"> a bhaint am<\/span><span style=\"font-size:14pt\">ach, tharla anois go rabhthas s\u00e1sta Aireachta\u00ed a bhronnadh orthu, ar choinn\u00edoll go ngeallfadh siad d\u00edlseacht, mar Ph\u00e1irt\u00ed<\/span><span style=\"font-size:14pt\">, don Rialtas<\/span><span style=\"font-size:14pt\"> nuabhunaithe. I ndeireadh na d\u00e1la, tar \u00e9<\/span><span style=\"font-size:14pt\">is breis is d<\/span><span style=\"font-size:14pt\">h\u00e1 mh\u00ed a chaitheamh <\/span><span style=\"font-size:14pt\">i mbun marga\u00edochta, bh\u00edothas s\u00e1<\/span><span style=\"font-size:14pt\">sta <\/span><span style=\"font-size:14pt\">Rialtas a bhun\u00fa faoi sti\u00fair Fhine Gael, ach le hAir\u00ed Neamhsple\u00e1cha mar Air\u00ed Rialtais ag iomradh bh\u00e1d an St\u00e1<\/span><span style=\"font-size:14pt\">it<\/span><span style=\"font-size:14pt\"> ar aonbhuille le<\/span><span style=\"font-size:14pt\">osan. Sea, ar deireadh thiar<\/span><span style=\"font-size:14pt\">,<\/span><span style=\"font-size:14pt\"> bh\u00ed<\/span><span style=\"font-size:14pt\"> cine\u00e1l nua<\/span><span style=\"font-size:14pt\"> Rialta<\/span><span style=\"font-size:14pt\">is<\/span><span style=\"font-size:14pt\"> againn le gn\u00f3 an St\u00e1<\/span><span style=\"font-size:14pt\">it a <\/span><span style=\"font-size:14pt\">riar d\u00fa<\/span><span style=\"font-size:14pt\">inn.<\/span><\/p><p style=\"text-align:center;margin-top:0pt;padding-top:0;margin-bottom:10pt;padding-bottom:0;line-height:1.8\"><strong><span style=\"font-size:18pt\">Ag glaoch sa bhF\u00e1sach!<\/span><\/strong><\/p><p style=\"text-align:justify;margin-top:0pt;padding-top:0;margin-bottom:10pt;padding-bottom:0;line-height:1.8\"><span style=\"font-size:14pt\">San am at\u00e1 thart, n\u00e1r mhinic a bh\u00edodh Teachta\u00ed Neamhsple\u00e1cha ag glaoch leo fh\u00e9in sa bhf\u00e1<\/span><span style=\"font-size:14pt\">sach<\/span><span style=\"font-size:14pt\">, agus gan aon r\u00f3-aird ag \u00e9inne orthu, sea, agus n\u00e1r mhinic f\u00eds bhre\u00e1,<\/span><span style=\"font-size:14pt\"> chiallmhar<\/span><span style=\"font-size:14pt\">, ag na daoine c\u00e9<\/span><span style=\"font-size:14pt\">anna sin, ach anois<\/span><span style=\"font-size:14pt\">, bheadh<\/span><span style=\"font-size:14pt\"> Aireacht ag cuid de na Teachta\u00ed \u00e9irimi\u00fa<\/span><span style=\"font-size:14pt\">la seo<\/span><span style=\"font-size:14pt\">, agus \u00e9<\/span><span style=\"font-size:14pt\"> ar a gcumas<\/span><span style=\"font-size:14pt\">, a bhf\u00ed<\/span><span style=\"font-size:14pt\">s a leagan ar bhord an Rialtais<\/span><span style=\"font-size:14pt\">, agus iarracht a dh\u00e9anamh le feoil a chur ar chn\u00e1mha na f\u00ed<\/span><span style=\"font-size:14pt\">se sin, a<\/span><span style=\"font-size:14pt\">r mhaithe le leas an phobail. N\u00ed f\u00e9idir a sh\u00e9<\/span><span style=\"font-size:14pt\">anadh<\/span><span style=\"font-size:14pt\">,<\/span><span style=\"font-size:14pt\"> gur le leas an pho<\/span><span style=\"font-size:14pt\">bail socr\u00fa d\u00e1 leith\u00e9<\/span><span style=\"font-size:14pt\">id.<\/span><\/p><p style=\"text-align:justify;margin-top:0pt;padding-top:0;margin-bottom:10pt;padding-bottom:0;line-height:1.8\"><span style=\"font-size:14pt\">Anois, t<\/span><span style=\"font-size:14pt\">\u00e1 r\u00e1fla\u00ed<\/span><span style=\"font-size:14pt\"> ag dul sa timpeall<\/span><span style=\"font-size:14pt\">, nach mbeidh ar <\/span><span style=\"font-size:14pt\">c<\/span><span style=\"font-size:14pt\">h<\/span><span style=\"font-size:14pt\">umas<\/span><span style=\"font-size:14pt\"> ar Rialtas Mhionlaigh b<\/span><span style=\"font-size:14pt\">uis\u00e9ad a dhr\u00e9achtadh agus a acht\u00fa<\/span><span style=\"font-size:14pt\"> <\/span><span style=\"font-size:14pt\">don bhliain seo chugainn, agus muna m<\/span><span style=\"font-size:14pt\">beidh, beidh a bport seinte, Ti\u00fa<\/span><span style=\"font-size:14pt\">rfaidh an ai<\/span><span style=\"font-size:14pt\">msir freagra na ceiste sin d\u00fa<\/span><span style=\"font-size:14pt\">inn<\/span><span style=\"font-size:14pt\">. Ach, c\u00e9ard a d\u00e9arfar m\u00e1 \u00e9ir\u00edonn leo an gn\u00f3 sin a chur i gcr\u00edch?<\/span><span style=\"font-size:14pt\"> <\/span><\/p>","protected":false},"excerpt":{"rendered":"<p>Saolta ag Athr\u00fa&nbsp;&nbsp; 2 Peadar Bair\u00e9ad (This week we consider our attempts to operate a Minority Government) . Rialtas Mionlaigh Chonaic muid, an tseachtain seo caite, faoi mar a tharla i ndiaidh an toghch\u00e1in deiridh, nach raibh an dara rogha ag \u00e1r dTeachta\u00ed D\u00e1la ach Rialtas Mionlaigh a bhun\u00fa, sin n\u00f3 dul ar ais chuig [&hellip;]<\/p>\n","protected":false},"author":2,"featured_media":13435,"comment_status":"open","ping_status":"open","sticky":false,"template":"","format":"standard","meta":{"nf_dc_page":"","_et_pb_use_builder":"","_et_pb_old_content":"","_et_gb_content_width":"","footnotes":""},"categories":[1],"tags":[],"class_list":["post-13187","post","type-post","status-publish","format-standard","has-post-thumbnail","hentry","category-gan-chatagoir"],"_links":{"self":[{"href":"https:\/\/mickgb.com\/ga\/wp-json\/wp\/v2\/posts\/13187","targetHints":{"allow":["GET"]}}],"collection":[{"href":"https:\/\/mickgb.com\/ga\/wp-json\/wp\/v2\/posts"}],"about":[{"href":"https:\/\/mickgb.com\/ga\/wp-json\/wp\/v2\/types\/post"}],"author":[{"embeddable":true,"href":"https:\/\/mickgb.com\/ga\/wp-json\/wp\/v2\/users\/2"}],"replies":[{"embeddable":true,"href":"https:\/\/mickgb.com\/ga\/wp-json\/wp\/v2\/comments?post=13187"}],"version-history":[{"count":1,"href":"https:\/\/mickgb.com\/ga\/wp-json\/wp\/v2\/posts\/13187\/revisions"}],"predecessor-version":[{"id":13188,"href":"https:\/\/mickgb.com\/ga\/wp-json\/wp\/v2\/posts\/13187\/revisions\/13188"}],"wp:featuredmedia":[{"embeddable":true,"href":"https:\/\/mickgb.com\/ga\/wp-json\/wp\/v2\/media\/13435"}],"wp:attachment":[{"href":"https:\/\/mickgb.com\/ga\/wp-json\/wp\/v2\/media?parent=13187"}],"wp:term":[{"taxonomy":"category","embeddable":true,"href":"https:\/\/mickgb.com\/ga\/wp-json\/wp\/v2\/categories?post=13187"},{"taxonomy":"post_tag","embeddable":true,"href":"https:\/\/mickgb.com\/ga\/wp-json\/wp\/v2\/tags?post=13187"}],"curies":[{"name":"wp","href":"https:\/\/api.w.org\/{rel}","templated":true}]}}