{"id":13189,"date":"2017-04-04T11:00:00","date_gmt":"2017-04-04T11:00:00","guid":{"rendered":"https:\/\/mickgb.com\/?p=13189"},"modified":"2024-04-08T01:15:59","modified_gmt":"2024-04-08T01:15:59","slug":"saolta-ag-athru-is-ag-sior-athru","status":"publish","type":"post","link":"https:\/\/mickgb.com\/ga\/saolta-ag-athru-is-ag-sior-athru\/","title":{"rendered":"Saolta ag athr\u00fa is ag s\u00edor-athr\u00fa."},"content":{"rendered":"<p style=\"text-align:center;margin-top:0pt;padding-top:0;margin-bottom:10pt;padding-bottom:0;line-height:1.8\"><strong><span style=\"font-size:28pt\">I  mB\u00e9al  an  Phobail<\/span><\/strong><\/p><p style=\"margin-top:0pt;padding-top:0;margin-bottom:10pt;padding-bottom:0;line-height:1.8\"><span style=\"font-size:14pt\">Peadar Bair\u00e9ad.<\/span><\/p><p style=\"text-align:center;margin-top:0pt;padding-top:0;margin-bottom:10pt;padding-bottom:0;line-height:1.8\"><strong><span style=\"font-size:14pt\">(This <\/span><span style=\"font-size:14pt\">week<\/span><span style=\"font-size:14pt\"> we take a look at how quickly things can change)<\/span><\/strong><\/p><p style=\"text-align:center;margin-top:0pt;padding-top:0;margin-bottom:10pt;padding-bottom:0;line-height:1.8\"><strong><span style=\"font-size:18pt\">Saolta ag athr\u00fa<\/span><\/strong><\/p><p style=\"text-align:justify;margin-top:0pt;padding-top:0;margin-bottom:10pt;padding-bottom:0;line-height:1.8\"><span style=\"font-size:14pt\">N\u00ed g\u00e1 dhom a r\u00e1 go mb\u00edonn an saol athra\u00edoch seo ag athr\u00fa is ag s\u00ed<\/span><span style=\"font-size:14pt\">or<\/span><span style=\"font-size:14pt\">&#8211;<\/span><span style=\"font-size:14pt\">athr\u00fa, \u00f3 l\u00e1 go l\u00e1 agus \u00f3 bhliain go ch\u00e9<\/span><span style=\"font-size:14pt\">ile<\/span><span style=\"font-size:14pt\">. N\u00ed rud \u00e9 sin a tharla\u00edonn anois is ar\u00ed<\/span><span style=\"font-size:14pt\">s<\/span><span style=\"font-size:14pt\"> n\u00f3 is comhartha beatha \u00e9 an s\u00edor-athr\u00fa c\u00e9<\/span><span style=\"font-size:14pt\">anna sin.<\/span><strong><span style=\"font-size:14pt\"> <\/span><span style=\"font-size:14pt\">Tharla roi<\/span><span style=\"font-size:14pt\">nnt laethe \u00f3 shoin go raibh m\u00e9<\/span><span style=\"font-size:14pt\"> ag smaoineamh ar m<\/span><span style=\"font-size:14pt\">h\u00e1m aist\u00ed a chur i dtoll a ch\u00e9<\/span><span style=\"font-size:14pt\">ile faoi na hathruithe <\/span><span style=\"font-size:14pt\">uilig a bh\u00ed ag teacht ar an saol m\u00f3<\/span><span style=\"font-size:14pt\">r<\/span><span style=\"font-size:14pt\">,<\/span><span style=\"font-size:14pt\"> <\/span><span style=\"font-size:14pt\">le tamall de bhlianta anois. Bh\u00ed f\u00fam tos\u00fa an l\u00e1 d\u00e1r gcionn. Bh\u00ed go maith. Ach n\u00edor tuigeadh dom go mbeinn fh\u00e9<\/span><span style=\"font-size:14pt\">in tarlaithe ch<\/span><span style=\"font-size:14pt\">uig an Ospid\u00e9<\/span><span style=\"font-size:14pt\">al s\u00e1r a bhreacfadh an l\u00e1 d\u00e1r gcionn. Thart ar a tr\u00ed<\/span><span style=\"font-size:14pt\"> ar maidin<\/span><span style=\"font-size:14pt\">, th\u00f3g an t-Othar<\/span><span style=\"font-size:14pt\">c<\/span><span style=\"font-size:14pt\">harr m\u00e9 fh\u00e9in chuig Ospid\u00e9al San L\u00fac\u00e1<\/span><span style=\"font-size:14pt\">s<\/span><span style=\"font-size:14pt\">,<\/span><span style=\"font-size:14pt\"> anseo i gcathair Chill Chainnigh. Isteach i Roinn<\/span><span style=\"font-size:14pt\"> Timpiste agus \u00c9igeand\u00e1<\/span><span style=\"font-size:14pt\">la<\/span><span style=\"font-size:14pt\"> <\/span><span style=\"font-size:14pt\">a t\u00f3gadh m\u00e9 agus ba san \u00e1it sin a chaith m\u00e9<\/span><span style=\"font-size:14pt\"> an ch<\/span><span style=\"font-size:14pt\">uid eile den o\u00ed<\/span><span style=\"font-size:14pt\">che sin agus an<\/span><span style=\"font-size:14pt\"> lucht leighis ag iarraidh a fh\u00e1il amach c\u00e9ard a bh\u00ed cearr liom. Anois, n\u00edl f\u00fam chuile ghn\u00e9 den scr\u00fad\u00fa<\/span><span style=\"font-size:14pt\"> sin<\/span><span style=\"font-size:14pt\">, n\u00f3 chuile ghn\u00e9<\/span><span style=\"font-size:14pt\"> den leigheas a moladh<\/span><span style=\"font-size:14pt\">,<\/span><span style=\"font-size:14pt\"> a ch<\/span><span style=\"font-size:14pt\">raobhscaoileadh os ard anseo, n\u00f3 n\u00ed bheadh fonn ar l\u00e9itheoir ar bith a leith\u00e9<\/span><span style=\"font-size:14pt\">id<\/span><span style=\"font-size:14pt\"> a l\u00e9amh. Leor a r\u00e1,<\/span><span style=\"font-size:14pt\"> g<\/span><span style=\"font-size:14pt\">ur tuigeadh don lucht leighis c\u00e9ard a bh\u00ed ag d\u00e9<\/span><span style=\"font-size:14pt\">anamh tinnis dom<\/span><span style=\"font-size:14pt\">, agus gur chinneadar ar m\u00e9 a choinne\u00e1il istigh san Ospid\u00e9al sin ar feadh roinnt laethe fad is a bheadh c\u00f3ir leighis \u00e1<\/span><span style=\"font-size:14pt\"> chur <\/span><span style=\"font-size:14pt\">acu <\/span><span style=\"font-size:14pt\">orm.<\/span><\/strong><\/p><p style=\"text-align:justify;margin-top:0pt;padding-top:0;margin-bottom:10pt;padding-bottom:0;line-height:1.8\"><strong><span style=\"font-size:14pt\">\u00d3n leaba inar shocraigh siad m\u00e9 bh\u00ed<\/span><span style=\"font-size:14pt\"> radharc <\/span><span style=\"font-size:14pt\">bre\u00e1 agam ar an mb\u00f3thar m\u00f3<\/span><span style=\"font-size:14pt\">r isteach chun na cathrach<\/span><span style=\"font-size:14pt\">, agus chaithinn tr\u00e9imhs\u00ed ag breathn\u00fa ar an tr\u00e1cht c\u00e9<\/span><span style=\"font-size:14pt\">anna sin<\/span><span style=\"font-size:14pt\"> agus m\u00e9 ag smaoineamh ar tiom\u00e1<\/span><span style=\"font-size:14pt\">naithe na gcarranna sin<\/span><span style=\"font-size:14pt\">, agus an deifir uilig sin a bh\u00ed<\/span><span style=\"font-size:14pt\"> orthu<\/span><span style=\"font-size:14pt\">, ag brost\u00fa, ag dul thar a ch\u00e9ile, agus adharca \u00e1<\/span><span style=\"font-size:14pt\"> <\/span><span style=\"font-size:14pt\">s\u00e9<\/span><span style=\"font-size:14pt\">ideadh <\/span><span style=\"font-size:14pt\">acu, corruair fi\u00fa, lena m\u00edfhoighid a chur in i\u00fal, fad is a bh\u00ed na sc\u00f3rtha agus na sc\u00f3rtha ina lu\u00ed<\/span><span style=\"font-size:14pt\"> go <\/span><span style=\"font-size:14pt\">lag i ngiorracht scread asail d\u00f3ibh. Ach tr\u00edd is tr\u00ed<\/span><span style=\"font-size:14pt\">d<\/span><span style=\"font-size:14pt\">, n\u00ed orthusan a bh\u00ed a n-aire, ach ar an l\u00e1 cr\u00fa\u00f3gach a bh\u00ed<\/span><span style=\"font-size:14pt\"> rompu amach<\/span><span style=\"font-size:14pt\">, agus ar an m\u00e9id oibre a bh\u00ed le cur i gcr\u00ed<\/span><span style=\"font-size:14pt\">ch acu roimh t<\/span><span style=\"font-size:14pt\">hr\u00e1thn\u00f3na. Beag smaoineamh a bh\u00ed ag a mbun\u00fa<\/span><span style=\"font-size:14pt\">s<\/span><span style=\"font-size:14pt\">,<\/span><span style=\"font-size:14pt\"> go raibh seans ann<\/span><span style=\"font-size:14pt\">, gurb \u00e9 sin an d\u00e1n a bh\u00ed ag fanacht orthu fh\u00e9in, l\u00e1<\/span><span style=\"font-size:14pt\"> is fuide anonn. <\/span><\/strong><\/p><p style=\"text-align:justify;margin-top:0pt;padding-top:0;margin-bottom:10pt;padding-bottom:0;line-height:1.8\"><strong><span style=\"font-size:14pt\"> <\/span><span style=\"font-size:14pt\">Chu<\/span><span style=\"font-size:14pt\">aigh a mbroid i bhfeidhm orm fh\u00e9in agus thosaigh m\u00e9 ag sma<\/span><span style=\"font-size:14pt\">oineamh ar na p\u00edosa\u00ed seo a bh\u00ed \u00e1<\/span><span style=\"font-size:14pt\"> scr\u00ed<\/span><span style=\"font-size:14pt\">obh agam anseo dhaoibh<\/span><span style=\"font-size:14pt\">,<\/span><span style=\"font-size:14pt\"> le breis mhaith i<\/span><span style=\"font-size:14pt\">s triocha bliain anois. Cheap m\u00e9 nach mbeadh ar mo chumas p\u00edosa a chur ar f\u00e1<\/span><span style=\"font-size:14pt\">il d<\/span><span style=\"font-size:14pt\">h<\/span><span style=\"font-size:14pt\">aoibh don tseac<\/span><span style=\"font-size:14pt\">htain seo.<\/span><\/strong><\/p><p style=\"text-align:justify;margin-top:0pt;padding-top:0;margin-bottom:10pt;padding-bottom:0;line-height:1.8\"><span style=\"height:1em\"><span>.<\/span><\/span><\/p><p style=\"text-align:justify;margin-top:0pt;padding-top:0;margin-bottom:10pt;padding-bottom:0;line-height:1.8\"><span style=\"height:1em\"><span>.<\/span><\/span><\/p><p style=\"text-align:justify;margin-top:0pt;padding-top:0;margin-bottom:10pt;padding-bottom:0;line-height:1.8\"><strong><span style=\"font-size:14pt\"> Anois nuair a istigh,tharla\u00edonn i ng\u00e9irch\u00e9im d\u00e1 leith\u00e9<\/span><span style=\"font-size:14pt\">id <\/span><span style=\"font-size:14pt\">m\u00e9, is \u00e9 a dh\u00e9<\/span><span style=\"font-size:14pt\">ana<\/span><span style=\"font-size:14pt\">im, de ghn\u00e1<\/span><span style=\"font-size:14pt\">th<\/span><span style=\"font-size:14pt\">, n\u00f3 t\u00e9im siar thar na p\u00edosa\u00ed uilig a scr\u00edobh  m\u00e9 anseo<\/span><span style=\"font-size:14pt\"> i ri<\/span><span style=\"font-size:14pt\">th na tr\u00e9imhse sin, agus d\u00e1r nd\u00f3<\/span><span style=\"font-size:14pt\">igh<\/span><span style=\"font-size:14pt\">, t\u00e1<\/span><span style=\"font-size:14pt\"> thart ar <\/span><span style=\"font-size:14pt\">mh\u00ed<\/span><span style=\"font-size:14pt\">le go<\/span><span style=\"font-size:14pt\"> leith alt foilsithe uaim sa tr\u00e9<\/span><span style=\"font-size:14pt\">imhse sin<\/span><span style=\"font-size:14pt\">, agus sin an ch\u00fais ar chuir m\u00e9 romham an p\u00ed<\/span><span style=\"font-size:14pt\">osa beag seo a leagan os bhur gcomhair amach<\/span><span style=\"font-size:14pt\">, an tseachtain seo, n\u00f3<\/span><span style=\"font-size:14pt\"> <\/span><span style=\"font-size:14pt\">bh\u00ed m\u00e9<\/span><span style=\"font-size:14pt\"> ag ceapadh<\/span><span style=\"font-size:14pt\">, go mbeadh orm tr\u00e9imhse saoire a th\u00f3g\u00e1il \u00f3n gcol\u00fa<\/span><span style=\"font-size:14pt\">n seo<\/span><span style=\"font-size:14pt\">, ach tr\u00e1th\u00fa<\/span><span style=\"font-size:14pt\">il go leor, d\u2019<\/span><span style=\"font-size:14pt\">\u00e9irigh liom teacht sl\u00e1n \u00f3n Ospid\u00e9<\/span><span style=\"font-size:14pt\">al<\/span><span style=\"font-size:14pt\">,<\/span><span style=\"font-size:14pt\"> le cabhair an lucht leig<\/span><span style=\"font-size:14pt\">his. Ach, caithfidh m\u00e9 a admh\u00e1<\/span><span style=\"font-size:14pt\">il<\/span><span style=\"font-size:14pt\">,<\/span><span style=\"font-size:14pt\"> gur<\/span><span style=\"font-size:14pt\"> cuireadh ar mo sh\u00fa<\/span><span style=\"font-size:14pt\">ile dhom<\/span><span style=\"font-size:14pt\">, i rith mo thr\u00e9imhse<\/span><span style=\"font-size:14pt\"> istigh,<\/span><span style=\"font-size:14pt\"> <\/span><span style=\"font-size:14pt\"> chomh dian, d\u00ed<\/span><span style=\"font-size:14pt\">cheallach<\/span><span style=\"font-size:14pt\">, is a oibr\u00ed<\/span><span style=\"font-size:14pt\">onn chuile dhuine den bhfoireann iontach sin<\/span><span style=\"font-size:14pt\">,<\/span><span style=\"font-size:14pt\"> a<\/span><span style=\"font-size:14pt\"> oibr\u00edonn san ionad c\u00e9<\/span><span style=\"font-size:14pt\">anna sin<\/span><span style=\"font-size:14pt\">, agus n\u00ed<\/span><span style=\"font-size:14pt\"> haon b<\/span><span style=\"font-size:14pt\">h\u00e9al b\u00e1<\/span><span style=\"font-size:14pt\">n<\/span><span style=\"font-size:14pt\">, n\u00f3 cur i gc\u00e9<\/span><span style=\"font-size:14pt\">ill<\/span><span style=\"font-size:14pt\">, \u00e9<\/span><span style=\"font-size:14pt\"> sin<\/span><span style=\"font-size:14pt\">, ach lomchl\u00e1r na f\u00ed<\/span><span style=\"font-size:14pt\">rinne, agus<\/span><span style=\"font-size:14pt\"> n\u00ed h\u00e9 amh\u00e1<\/span><span style=\"font-size:14pt\">in<\/span><span style=\"font-size:14pt\"> go n-oibr\u00edonn siad go crua \u00f3 mhoch na<\/span><span style=\"font-size:14pt\"> m<\/span><span style=\"font-size:14pt\">aidne go dul faoi na gr\u00e9<\/span><span style=\"font-size:14pt\">ine<\/span><span style=\"font-size:14pt\">,<\/span><span style=\"font-size:14pt\"> agu<\/span><span style=\"font-size:14pt\">s ar\u00ed<\/span><span style=\"font-size:14pt\">s uaidh <\/span><span style=\"font-size:14pt\">sin go h\u00e9ir\u00ed na gr\u00e9ine ar\u00eds, ach oibr\u00edonn siad go scili\u00fa<\/span><span style=\"font-size:14pt\">il, cliste, oilte<\/span><span style=\"font-size:14pt\"> freisin<\/span><span style=\"font-size:14pt\">. B\u2019in iad na tr\u00e9<\/span><span style=\"font-size:14pt\">ithe a chuir ar mo c<\/span><span style=\"font-size:14pt\">humas-sa na cosa a thabhairt sl\u00e1<\/span><span style=\"font-size:14pt\">n liom<\/span><span style=\"font-size:14pt\">,<\/span><span style=\"font-size:14pt\"> an babhta seo<\/span><span style=\"font-size:14pt\">, agus <\/span><span style=\"font-size:14pt\">b\u00ed<\/span><span style=\"font-size:14pt\">odh<\/span><span style=\"font-size:14pt\"> gur bhain m\u00e9 l\u00e1n mh\u00e1<\/span><span style=\"font-size:14pt\">l<\/span><span style=\"font-size:14pt\">a de leigheas<\/span><span style=\"font-size:14pt\"> as mo thr\u00e9imhse istigh ansin, t\u00e1 s\u00fail agam nach mbeidh g\u00e1<\/span><span style=\"font-size:14pt\"> le hathchuairt i ngearr<\/span><span style=\"font-size:14pt\">&#8211;<\/span><span style=\"font-size:14pt\">aimsir. <\/span><span style=\"font-size:14pt\"> <\/span><span style=\"font-size:14pt\"> <\/span><span style=\"font-size:14pt\"> <\/span><\/strong><\/p><p style=\"text-align:justify;margin-top:0pt;padding-top:0;margin-bottom:10pt;padding-bottom:0;line-height:1.8\"><span style=\"font-size:14pt\">Sin agaibh anois ci<\/span><span style=\"font-size:14pt\">on na seachtaine seo, agus an-r\u00edm\u00e9<\/span><span style=\"font-size:14pt\">ad orm go raibh ar mo chum<\/span><span style=\"font-size:14pt\">as alt na seachtaine seo a shol\u00e1<\/span><span style=\"font-size:14pt\">thar daoibh agu<\/span><span style=\"font-size:14pt\">s le cr\u00ed<\/span><span style=\"font-size:14pt\">och a chur le halt na sea<\/span><span style=\"font-size:14pt\">chtqaine seo, ba mhaith liom sl\u00e1inte an bhrad\u00e1in a ghu\u00ed<\/span><span style=\"font-size:14pt\"> ar chuile dhuine againn<\/span><span style=\"font-size:14pt\">, agus go mbeirimid beo ar an am seo ar\u00eds.<\/span><span style=\"font-size:14pt\"> <\/span><\/p>","protected":false},"excerpt":{"rendered":"<p>I mB\u00e9al an Phobail Peadar Bair\u00e9ad. (This week we take a look at how quickly things can change) Saolta ag athr\u00fa N\u00ed g\u00e1 dhom a r\u00e1 go mb\u00edonn an saol athra\u00edoch seo ag athr\u00fa is ag s\u00edor&#8211;athr\u00fa, \u00f3 l\u00e1 go l\u00e1 agus \u00f3 bhliain go ch\u00e9ile. N\u00ed rud \u00e9 sin a tharla\u00edonn anois is ar\u00eds [&hellip;]<\/p>\n","protected":false},"author":2,"featured_media":13435,"comment_status":"open","ping_status":"open","sticky":false,"template":"","format":"standard","meta":{"nf_dc_page":"","_et_pb_use_builder":"","_et_pb_old_content":"","_et_gb_content_width":"","footnotes":""},"categories":[1],"tags":[],"class_list":["post-13189","post","type-post","status-publish","format-standard","has-post-thumbnail","hentry","category-gan-chatagoir"],"_links":{"self":[{"href":"https:\/\/mickgb.com\/ga\/wp-json\/wp\/v2\/posts\/13189","targetHints":{"allow":["GET"]}}],"collection":[{"href":"https:\/\/mickgb.com\/ga\/wp-json\/wp\/v2\/posts"}],"about":[{"href":"https:\/\/mickgb.com\/ga\/wp-json\/wp\/v2\/types\/post"}],"author":[{"embeddable":true,"href":"https:\/\/mickgb.com\/ga\/wp-json\/wp\/v2\/users\/2"}],"replies":[{"embeddable":true,"href":"https:\/\/mickgb.com\/ga\/wp-json\/wp\/v2\/comments?post=13189"}],"version-history":[{"count":1,"href":"https:\/\/mickgb.com\/ga\/wp-json\/wp\/v2\/posts\/13189\/revisions"}],"predecessor-version":[{"id":13190,"href":"https:\/\/mickgb.com\/ga\/wp-json\/wp\/v2\/posts\/13189\/revisions\/13190"}],"wp:featuredmedia":[{"embeddable":true,"href":"https:\/\/mickgb.com\/ga\/wp-json\/wp\/v2\/media\/13435"}],"wp:attachment":[{"href":"https:\/\/mickgb.com\/ga\/wp-json\/wp\/v2\/media?parent=13189"}],"wp:term":[{"taxonomy":"category","embeddable":true,"href":"https:\/\/mickgb.com\/ga\/wp-json\/wp\/v2\/categories?post=13189"},{"taxonomy":"post_tag","embeddable":true,"href":"https:\/\/mickgb.com\/ga\/wp-json\/wp\/v2\/tags?post=13189"}],"curies":[{"name":"wp","href":"https:\/\/api.w.org\/{rel}","templated":true}]}}