{"id":13211,"date":"2017-04-04T11:00:00","date_gmt":"2017-04-04T11:00:00","guid":{"rendered":"https:\/\/mickgb.com\/?p=13211"},"modified":"2024-04-08T01:28:00","modified_gmt":"2024-04-08T01:28:00","slug":"sceanadh-mugail-agus-maru-1","status":"publish","type":"post","link":"https:\/\/mickgb.com\/ga\/sceanadh-mugail-agus-maru-1\/","title":{"rendered":"Sceanadh, Mugail, agus maru&#8230;1"},"content":{"rendered":"<p style=\"text-align:center;margin-top:0pt;padding-top:0;margin-bottom:0pt;padding-bottom:0;line-height:2.4;font-size:12pt\"><strong><span style=\"font-size:26pt\">Sceanadh, Mug\u00e1il, agus M<\/span><span style=\"font-size:26pt\">ar\u00fa<\/span><span style=\"font-size:26pt\">&#8230;.<\/span><span style=\"font-size:26pt\">  1<\/span><\/strong><\/p><p style=\"margin-top:0pt;padding-top:0;margin-bottom:0pt;padding-bottom:0;line-height:2.4;font-size:12pt\"><span style=\"font-size:14pt\">Peadar Bair\u00e9ad<\/span><\/p><p style=\"text-align:center;margin-top:0pt;padding-top:0;margin-bottom:0pt;padding-bottom:0;line-height:2.4;font-size:12pt\"><strong><span style=\"font-size:16pt\">(<\/span><span style=\"font-size:16pt\"><em>This week we take a look at violent behaviour<\/em><\/span><span style=\"font-size:16pt\">)<\/span><\/strong><\/p><p style=\"text-align:center;margin-top:0pt;padding-top:0;margin-bottom:0pt;padding-bottom:0;line-height:2.4;font-size:12pt\"><strong><span style=\"font-size:18pt\">\u00c9<\/span><span style=\"font-size:18pt\">ig<\/span><span style=\"font-size:18pt\">e<\/span><span style=\"font-size:18pt\">an<\/span><span style=\"font-size:18pt\"> agus Slad!<\/span><\/strong><\/p><p style=\"text-align:justify;margin-top:0pt;padding-top:0;margin-bottom:0pt;padding-bottom:0;line-height:1.8;font-size:12pt\"><span style=\"font-size:14pt\">Is d\u00f3cha gur thug t\u00fa faoi deara, ar na m<\/span><span style=\"font-size:14pt\">allaibh, go bhfuil an focal \u201c<\/span><span style=\"font-size:14pt\">\u00e9igean\u201d  i mb\u00e9al gach \u00e9inne<\/span><span style=\"font-size:14pt\"> i bhfad \u00c9ireann n\u00edos minic\u00ed n\u00e1 mar a bh\u00edodh. N\u00ed hionann sin is a r\u00e1, nach raibh an t-ear<\/span><span style=\"font-size:14pt\">ra c\u00e9anna sin ar f\u00e1il<\/span><span style=\"font-size:14pt\"> roimhe seo, n\u00f3 bh\u00ed, ach is d\u00f3cha nach br\u00e9ag ar bith \u00e9 a r\u00e1, go bhfuil an for\u00e9igean c\u00e9anna sin imithe chun an donais ar fad, le m\u00e1m blianta anuas.  T\u00e1 daoine ann adeir, gurb iad na druga\u00ed<\/span><span style=\"font-size:14pt\"> agus an t-\u00f3l<\/span><span style=\"font-size:14pt\"> is c\u00fais leis<\/span><span style=\"font-size:14pt\">,<\/span><span style=\"font-size:14pt\"> agus i<\/span><span style=\"font-size:14pt\">s d\u00f3cha go bhfuil sl\u00e1im\u00edn<\/span><span style=\"font-size:14pt\"> den cheart acu sa mh\u00e9id sin, ach, i nd\u00e1ir\u00edre, n\u00edor ch\u00f3ir d\u00fainn glacadh le leithsc\u00e9al d\u00e1 leith\u00e9id, n\u00f3 m\u00e1 dh\u00e9anann, is ionann sin is <\/span><span style=\"font-size:14pt\">a r\u00e1, nach mbeadh duine<\/span><span style=\"font-size:14pt\"> ar bith<\/span><span style=\"font-size:14pt\"> freagrach,<\/span><span style=\"font-size:14pt\"> as <\/span><span style=\"font-size:14pt\">a ghn\u00edomhartha i gc\u00e1s d\u00e1 leith\u00e9id feasta, toisc gur f\u00e9idir leis an mille\u00e1n a leagan ar ch\u00fais eic\u00ednt taobh amuigh d\u00e1 bheith fh\u00e9in.  Bh\u00edodh leithsc\u00e9alta d\u00e1 leith\u00e9id \u00e1 dtabhairt sna c\u00fairteanna, i gc\u00e1s an \u00f3il, tamall de bhlianta \u00f3 shoin, ach ar deireadh, is d\u00f3cha gur shocraigh na breithi\u00fana, n\u00e1r ch\u00f3ir glacadh lena leith\u00e9id feasta, n\u00f3 tuigeadh d\u00f3ibh, go raibh an meisceoir<\/span><span style=\"font-size:14pt\"> ciontach ina mheisce, ar an gc\u00e9<\/span><span style=\"font-size:14pt\">ad dul s\u00edos, agus d\u00e1 bharr sin, go raibh s\u00e9 ciontach freisin sna gn\u00edomharatha a rinne s\u00e9 le linn a mheisce.  B\u2019fh\u00e9idir go nd\u00e9arfadh duine, go bhfuil an-difear idir bheith ar meisce agus a bheith mearaithe, d\u00ed-aignithe, ag cumhacht na ndruga\u00ed, ach ag an am gc\u00e9anna, nach \u00e9 an d\u00e1 mhar a ch\u00e9ile \u00e9, n\u00f3 i ngach c\u00e1s acu, t\u00e1 cumas an duine guaim a choinne\u00e1il air fh\u00e9in, bearnaithe n\u00f3 millte.  Ach an ionann sin is a r\u00e1, nach bhfuil duine ciont<\/span><span style=\"font-size:14pt\">ach sna gn\u00edomharatha a rinne s\u00e9<\/span><span style=\"font-size:14pt\"> i gc\u00e1s d\u00e1 l<\/span><span style=\"font-size:14pt\">eith\u00e9id?  N\u00ed d\u00f3igh liom gurb e<\/span><span style=\"font-size:14pt\">a<\/span><span style=\"font-size:14pt\">,<\/span><span style=\"font-size:14pt\"> n\u00f3 d\u00e1 nd\u00e9arfa\u00ed a leith\u00e9id, ansin, is d\u00f3cha go mbeadh s\u00e9 de dhualgas ar na h\u00fadar\u00e1is an t\u00e9 sin a choinne\u00e1il i ng\u00e9ibheann go dt\u00ed go bhf\u00e9adfa\u00ed a<\/span><span style=\"font-size:14pt\"> r\u00e1 ar\u00eds n\u00e1r bhaol don phobal \u00e9<\/span><span style=\"font-size:14pt\"> <\/span><\/p><p style=\"text-align:center;margin-top:0pt;padding-top:0;margin-bottom:0pt;padding-bottom:0;line-height:1.8;font-size:12pt\"><strong><span style=\"font-size:18pt\">Uisce na bhFata\u00ed<\/span><\/strong><\/p><p style=\"text-align:justify;margin-top:0pt;padding-top:0;margin-bottom:0pt;padding-bottom:0;line-height:1.8;font-size:12pt\"><span style=\"font-size:14pt\">Bh\u00ed m\u00e9 ag caint faoi na c\u00farsa\u00ed sin le M\u00e1rtan an Tair<\/span><span style=\"font-size:14pt\">bh, seanchara linn<\/span><span style=\"font-size:14pt\">, an l\u00e1 cheana, agus bhfuil fhios agat c\u00e9ard ad\u00fairt seisean liom?<\/span><\/p><p style=\"text-align:justify;margin-top:0pt;padding-top:0;margin-bottom:0pt;padding-bottom:0;line-height:1.8;font-size:12pt\"><span style=\"font-size:14pt\">Bhuel! ar seisean liom, nach ionann intinn an duine agus inneall cumhachtach, dea-dheartha, dea<\/span><span style=\"font-size:14pt\">&#8211;<\/span><span style=\"font-size:14pt\">dh\u00e9anta, foirfe.  Agus ar seisean ansin, an mbeife\u00e1sa s\u00e1sta uisce na bhfata\u00ed a<\/span><span style=\"font-size:14pt\"> chur isteach ann, in \u00e1it d\u00edosail<\/span><span style=\"font-size:14pt\">, n\u00f3 peitril?  agus t\u00fa ansin ag s\u00fail, i ndiaidh an ioml\u00e1in, go<\/span><span style=\"font-size:14pt\"> mbeadh a rith agus a l\u00e9im aige<\/span><span style=\"font-size:14pt\"> ina dhiaidh sin?  N\u00ed d\u00f3igh liom go nd\u00e9anf\u00e1, arsa mo chara, agus \u00e9 ag scaoileadh g\u00e1illeog den stuif crua siar le f\u00e1na!  \u00d3, bhuel! beatha dhuine a thoil, arsa mise liom fh\u00e9in<\/span><span style=\"font-size:14pt\">. <\/span><span style=\"font-size:14pt\">Tar \u00e9is na cainte sin go l\u00e9ir, caithfear a admh\u00e1il, is d\u00f3cha, go bhfui<\/span><span style=\"font-size:14pt\">l tionchar do-\u00e1irithe ag druga\u00ed<\/span><span style=\"font-size:14pt\"> ar fh\u00e1s an <\/span><span style=\"font-size:14pt\">for\u00e9igi<\/span><span style=\"font-size:14pt\">n sr\u00e1ide sin, a thugtar faoi deara, ar sr\u00e1ideanna \u00e1r mbailte agus \u00e1r gcathracha, le roinnt blianta anuas.<\/span><\/p><p style=\"text-align:justify;margin-top:0pt;padding-top:0;margin-bottom:0pt;padding-bottom:0;line-height:1.8;font-size:12pt\"><span style=\"font-size:14pt\">Ach an bhfuil leigheas ar an sc\u00e9al, m\u00e1 sea?<\/span><\/p><p style=\"text-align:justify;margin-top:0pt;padding-top:0;margin-bottom:0pt;padding-bottom:0;line-height:1.8;font-size:12pt\"><span style=\"font-size:14pt\">B\u00ed cinnte nach bhfuil \u2018leigheas ar an toirt\u2019 le f\u00e1il ar fhadhb chasta d\u00e1 leith\u00e9id, a bhfuil an domhan m\u00f3r cr\u00e1ite, c\u00e9asta, aici, le cupla sc\u00f3r bliain anuas, n\u00f3 d\u00e1 mbeadh a leith\u00e9id de leigheas ar f\u00e1il, b\u00ed cinnte go mbeadh \u00fas\u00e1id bainte as, ag na t\u00edortha m\u00f3ra saibhre, a bhfuil na milli\u00fain \u00e1 gcaitheamh acu in aghaidh na bliana, ag iarraidh srian a choinne\u00e1il ar dh\u00e9anamh, ar \u00fas\u00e1id, ar dh\u00edol agus ar leathadh, na ndruga\u00ed d\u00edobh\u00e1lacha c\u00e9anna sin.<\/span><\/p><p style=\"text-align:justify;margin-top:0pt;padding-top:0;margin-bottom:0pt;padding-bottom:0;line-height:1.8;font-size:12pt\"><span style=\"font-size:14pt\">Ach, f\u00e1gaimis an fhadhb sin ar leataobh, go f\u00f3ill, agus tugaimis aghaidh ar\u00eds ar an bhfor\u00e9igean sr\u00e1ide sin, at\u00e1 i mb\u00e9al gach \u00e9inne, na laethe seo.<\/span><\/p><p style=\"text-align:justify;margin-top:0pt;padding-top:0;margin-bottom:0pt;padding-bottom:0;line-height:1.8;font-size:12pt\"><span style=\"font-size:14pt\">Nach cuimhin le chuile dhuine againn an nath \u00fad a bh\u00edodh ar bh\u00e9ala daoine, roinnt blianta \u00f3 shoin, n\u00f3 n\u00ed bh\u00edodh i mb\u00e9<\/span><span style=\"font-size:14pt\">al an uile dhuine, an tr\u00e1th sin<\/span><span style=\"font-size:14pt\"> ach \u201cZero Tolerance\u201d.  Is d\u00f3cha gurbh iad na Punc\u00e1in a chuir t\u00fas leis an t\u00e9arma c\u00e9anna sin, agus ba \u00e9 ciall a bh\u00ed, agus at\u00e1, leis, n\u00f3 nach dtabharfa\u00ed an dara seans do dhuine ar bith, d\u00e1 mbrisfeadh s\u00e9 dl\u00ed n\u00f3 riail ar bith<\/span><span style=\"font-size:14pt\">,<\/span><span style=\"font-size:14pt\"> cuma c\u00e9n cine\u00e1l dl\u00ed a bheadh i gceist, mar\u00fa duine, n\u00f3 ag caitheamh bun toit\u00edn ar an tsr\u00e1id, chuirf\u00ed an dl\u00ed i bhfeidhm, go huile is go hioml\u00e1n, i ngach uile ch\u00e1s.  Rinneadh iarracht ar <\/span><span style=\"font-size:14pt\">sin a dh\u00e9anamh ar shr\u00e1ideanna Nua Eabhraic, agus deirtear gur th\u00e1inig an-fheabhas ar ch\u00farsa\u00ed ansin d\u00e1 bharr.  Ba ghearr go raibh an mana c\u00e9anna \u00e1 \u00fas\u00e1id anseo i dT\u00edr na h\u00c9ireann freisin, ach n\u00ed d\u00f3igh liom, go raibh torad<\/span><span style=\"font-size:14pt\">h c\u00e9ad<\/span><span style=\"font-size:14pt\">ach <\/span><span style=\"font-size:14pt\">air anseo, faoi mar a bh\u00ed thall!<\/span><span style=\"font-size:14pt\"> <\/span><\/p><h1 style=\"margin-top:12pt;padding-top:0;margin-bottom:3pt;padding-bottom:0;line-height:1.2;font-weight:bold;font-size:16pt\"><span style=\"font-size:14pt\"><em>(Tuilleadh an tseachtain seo chugainn.)<\/em><\/span><\/h1><p style=\"text-align:justify;margin-top:0pt;padding-top:0;margin-bottom:0pt;padding-bottom:0;line-height:1.8;font-size:12pt\"><span style=\"height:1em\"><span>.<\/span><\/span><\/p><p style=\"text-align:justify;margin-top:0pt;padding-top:0;margin-bottom:0pt;padding-bottom:0;line-height:1.8;font-size:12pt\"><span style=\"height:1em\"><span>.<\/span><\/span><\/p><p style=\"text-align:justify;margin-top:0pt;padding-top:0;margin-bottom:0pt;padding-bottom:0;line-height:1.8;font-size:12pt\"><span style=\"height:1em\"><span>.<\/span><\/span><\/p><p style=\"text-align:justify;margin-top:0pt;padding-top:0;margin-bottom:0pt;padding-bottom:0;line-height:2.4;font-size:12pt;margin-left:33.7pt\"><span style=\"height:1em\"><span>.<\/span><\/span><\/p>","protected":false},"excerpt":{"rendered":"<p>Sceanadh, Mug\u00e1il, agus Mar\u00fa&#8230;. 1 Peadar Bair\u00e9ad (This week we take a look at violent behaviour) \u00c9igean agus Slad! Is d\u00f3cha gur thug t\u00fa faoi deara, ar na mallaibh, go bhfuil an focal \u201c\u00e9igean\u201d i mb\u00e9al gach \u00e9inne i bhfad \u00c9ireann n\u00edos minic\u00ed n\u00e1 mar a bh\u00edodh. N\u00ed hionann sin is a r\u00e1, nach raibh [&hellip;]<\/p>\n","protected":false},"author":2,"featured_media":13435,"comment_status":"open","ping_status":"open","sticky":false,"template":"","format":"standard","meta":{"nf_dc_page":"","_et_pb_use_builder":"","_et_pb_old_content":"","_et_gb_content_width":"","footnotes":""},"categories":[1],"tags":[],"class_list":["post-13211","post","type-post","status-publish","format-standard","has-post-thumbnail","hentry","category-gan-chatagoir"],"_links":{"self":[{"href":"https:\/\/mickgb.com\/ga\/wp-json\/wp\/v2\/posts\/13211","targetHints":{"allow":["GET"]}}],"collection":[{"href":"https:\/\/mickgb.com\/ga\/wp-json\/wp\/v2\/posts"}],"about":[{"href":"https:\/\/mickgb.com\/ga\/wp-json\/wp\/v2\/types\/post"}],"author":[{"embeddable":true,"href":"https:\/\/mickgb.com\/ga\/wp-json\/wp\/v2\/users\/2"}],"replies":[{"embeddable":true,"href":"https:\/\/mickgb.com\/ga\/wp-json\/wp\/v2\/comments?post=13211"}],"version-history":[{"count":1,"href":"https:\/\/mickgb.com\/ga\/wp-json\/wp\/v2\/posts\/13211\/revisions"}],"predecessor-version":[{"id":13212,"href":"https:\/\/mickgb.com\/ga\/wp-json\/wp\/v2\/posts\/13211\/revisions\/13212"}],"wp:featuredmedia":[{"embeddable":true,"href":"https:\/\/mickgb.com\/ga\/wp-json\/wp\/v2\/media\/13435"}],"wp:attachment":[{"href":"https:\/\/mickgb.com\/ga\/wp-json\/wp\/v2\/media?parent=13211"}],"wp:term":[{"taxonomy":"category","embeddable":true,"href":"https:\/\/mickgb.com\/ga\/wp-json\/wp\/v2\/categories?post=13211"},{"taxonomy":"post_tag","embeddable":true,"href":"https:\/\/mickgb.com\/ga\/wp-json\/wp\/v2\/tags?post=13211"}],"curies":[{"name":"wp","href":"https:\/\/api.w.org\/{rel}","templated":true}]}}