{"id":13221,"date":"2017-04-04T11:00:00","date_gmt":"2017-04-04T11:00:00","guid":{"rendered":"https:\/\/mickgb.com\/?p=13221"},"modified":"2024-04-08T01:07:19","modified_gmt":"2024-04-08T01:07:19","slug":"seachran-sli","status":"publish","type":"post","link":"https:\/\/mickgb.com\/ga\/seachran-sli\/","title":{"rendered":"Seachr\u00e1n Sl\u00ed &#8230;,"},"content":{"rendered":"<p style=\"text-align:center;margin-top:0pt;padding-top:0;margin-bottom:0pt;padding-bottom:0;line-height:1.8\"><strong><span style=\"font-size:28pt\">Seachr\u00e1n Sl\u00ed ?<\/span><\/strong><\/p><p style=\"text-align:justify;margin-top:0pt;padding-top:0;margin-bottom:0pt;padding-bottom:0;line-height:1.8\"><span style=\"font-size:12pt\">Peadar Bair\u00e9ad<\/span><\/p><p style=\"text-align:center;margin-top:0pt;padding-top:0;margin-bottom:0pt;padding-bottom:0;line-height:1.8\"><strong><span style=\"font-size:18pt\">Suan na mBlianta<\/span><\/strong><\/p><p style=\"text-align:justify;margin-top:0pt;padding-top:0;margin-bottom:0pt;padding-bottom:0;line-height:1.8\"><span style=\"font-size:14pt\">N\u00e1r mhinic<\/span><span style=\"font-size:14pt\">,<\/span><span style=\"font-size:14pt\"> sna seansc\u00e9<\/span><span style=\"font-size:14pt\">al<\/span><span style=\"font-size:14pt\">ta<\/span><span style=\"font-size:14pt\">,<\/span><span style=\"font-size:14pt\"> a <\/span><span style=\"font-size:14pt\">chuala<\/span><span style=\"font-size:14pt\"> muid faoi dhu<\/span><span style=\"font-size:14pt\">ine, n\u00f3 faoi dhream,<\/span><span style=\"font-size:14pt\"> a bheith tite i<\/span><span style=\"font-size:14pt\"> suan, n\u00f3<\/span><span style=\"font-size:14pt\"> i dtinneas<\/span><span style=\"font-size:14pt\"> <\/span><span style=\"font-size:14pt\">dra\u00edochta<\/span><span style=\"font-size:14pt\">, <\/span><span style=\"font-size:14pt\">agus fad is a bh\u00ed sia<\/span><span style=\"font-size:14pt\">d <\/span><span style=\"font-size:14pt\">faoi gheasa <\/span><span style=\"font-size:14pt\">sa <\/span><span style=\"font-size:14pt\">t-<\/span><span style=\"font-size:14pt\">suan dra\u00edochta<\/span><span style=\"font-size:14pt\"> sin<\/span><span style=\"font-size:14pt\">, n\u00ed bh\u00edodh ar a gcumas tada a dh\u00e9anamh len iad fh\u00e9<\/span><span style=\"font-size:14pt\">in a chosaint<\/span><span style=\"font-size:14pt\">, n\u00f3 tada d\u00e1 leith\u00e9<\/span><span style=\"font-size:14pt\">id.<\/span><span style=\"font-size:14pt\"> <\/span><span style=\"font-size:14pt\">Nach cuimhin libh go raibh<\/span><span style=\"font-size:14pt\"> na <\/span><span style=\"font-size:14pt\"> <\/span><span style=\"font-size:14pt\">hUltaig<\/span><span style=\"font-size:14pt\">h<\/span><span style=\"font-size:14pt\"> i suan d\u00e1 leith\u00e9<\/span><span style=\"font-size:14pt\">id in aimsir Chuchulainn<\/span><span style=\"font-size:14pt\">, ach n\u00ed chucu at\u00e1 m\u00e9<\/span><span style=\"font-size:14pt\"> an babhta seo<\/span><span style=\"font-size:14pt\">,<\/span><span style=\"font-size:14pt\"> ach chuige seo, go bhfuil<\/span><span style=\"font-size:14pt\"> an chuma ar an dt\u00ed<\/span><span style=\"font-size:14pt\">r s\u2019againne<\/span><span style=\"font-size:14pt\">,<\/span><span style=\"font-size:14pt\"> le tamall de bhlianta a<\/span><span style=\"font-size:14pt\">nuas<\/span><span style=\"font-size:14pt\">, go bhfuil an n\u00e1isi\u00fa<\/span><span style=\"font-size:14pt\">n seo<\/span><span style=\"font-size:14pt\">, n<\/span><span style=\"font-size:14pt\">\u00f3<\/span><span style=\"font-size:14pt\"> a lucht ceannais<\/span><span style=\"font-size:14pt\">,<\/span><span style=\"font-size:14pt\"> ach go h\u00e1<\/span><span style=\"font-size:14pt\">irithe<\/span><span style=\"font-size:14pt\">,<\/span><span style=\"font-size:14pt\"> curtha faoi dhra\u00edo<\/span><span style=\"font-size:14pt\">cht ag cumhacht drochaigeangta <\/span><span style=\"font-size:14pt\">eic\u00ednt. N\u00edl le d\u00e9anamh ag duine ach breathn\u00fa ar sc\u00e9al na t\u00ed<\/span><span style=\"font-size:14pt\">re seo<\/span><span style=\"font-size:14pt\">, \u00f3<\/span><span style=\"font-size:14pt\"> Chogadh na Saoirse anonn<\/span><span style=\"font-size:14pt\">,<\/span><span style=\"font-size:14pt\"> le sin a th<\/span><span style=\"font-size:14pt\">abhairt faoi deara. Roimh an tr\u00e1<\/span><span style=\"font-size:14pt\">th sin<\/span><span style=\"font-size:14pt\">, tugtar faoi deara go raibh f\u00eds agus cusp\u00f3ir ag bun\u00fa<\/span><span style=\"font-size:14pt\">s an phobail<\/span><span style=\"font-size:14pt\">, ach ag a lucht sti\u00fartha, ach go h\u00e1<\/span><span style=\"font-size:14pt\">irithe, agus ba ar mhaithe agus le<\/span><span style=\"font-size:14pt\"> leas an n\u00e1isi<\/span><span style=\"font-size:14pt\">\u00fain an fh\u00eds<\/span><span style=\"font-size:14pt\"> sin<\/span><span style=\"font-size:14pt\">,<\/span><span style=\"font-size:14pt\"> agus  bun\u00fas an n\u00e1isi\u00fain ag aon<\/span><span style=\"font-size:14pt\">t\u00fa leis an dearcadh sin<\/span><span style=\"font-size:14pt\"> nuair a tugadh an deis d\u00f3ibh a marana a dh\u00e9<\/span><span style=\"font-size:14pt\">anamh.<\/span><span style=\"font-size:14pt\"> <\/span><\/p><p style=\"text-align:center;margin-top:0pt;padding-top:0;margin-bottom:0pt;padding-bottom:0;line-height:1.8\"><strong><span style=\"font-size:18pt\">Imeachta\u00ed an lae inniu<\/span><\/strong><\/p><p style=\"text-align:justify;margin-top:0pt;padding-top:0;margin-bottom:0pt;padding-bottom:0;line-height:1.8\"><span style=\"font-size:14pt\">Ach, b\u2019fh\u00e9idir gur ch\u00f3ra dh\u00fainn d\u00edri\u00fa ar imeachta\u00ed an lae inniu. Breathnaigh n\u00f3im\u00e9ad ar na c\u00farsa\u00ed a mheall an n\u00e1isi\u00fa<\/span><span style=\"font-size:14pt\">in <\/span><span style=\"font-size:14pt\">seo <\/span><span style=\"font-size:14pt\">chun leithleachais<\/span><span style=\"font-size:14pt\">,<\/span><span style=\"font-size:14pt\"> agus chun <\/span><span style=\"font-size:14pt\">sainte<\/span><span style=\"font-size:14pt\">,<\/span><span style=\"font-size:14pt\"> agus muid <\/span><span style=\"font-size:14pt\">bre\u00e1 s\u00e1sta linn fh\u00e9<\/span><span style=\"font-size:14pt\">in <\/span><span style=\"font-size:14pt\">ag s\u00e9ideadh b<\/span><span style=\"font-size:14pt\">h<\/span><span style=\"font-size:14pt\">olg\u00e1<\/span><span style=\"font-size:14pt\">n an tsaibhris<\/span><span style=\"font-size:14pt\">,<\/span><span style=\"font-size:14pt\"> i<\/span><span style=\"font-size:14pt\"> dt\u00fas na m\u00ed<\/span><span style=\"font-size:14pt\">laoise seo<\/span><span style=\"font-size:14pt\">,<\/span><span style=\"font-size:14pt\"> a<\/span><span style=\"font-size:14pt\">gus a<\/span><span style=\"font-size:14pt\">nuas go dt\u00ed an bhliain 2008 fi\u00fa. D\u00e1<\/span><span style=\"font-size:14pt\">r le roinnt mhaith daoine<\/span><span style=\"font-size:14pt\">, ba ar an lucht rialaithe a bh\u00ed an locht. B\u2019iadsan a bh\u00ed i mbun sti\u00fa<\/span><span style=\"font-size:14pt\">rtha<\/span><span style=\"font-size:14pt\">,<\/span><span style=\"font-size:14pt\"> ag an am<\/span><span style=\"font-size:14pt\">, agus ba orthusan a thit an fh<\/span><span style=\"font-size:14pt\">reagracht as aon b<\/span><span style=\"font-size:14pt\">hot\u00fa<\/span><span style=\"font-size:14pt\">n a rinneadh<\/span><span style=\"font-size:14pt\"> i rith na tr\u00e9<\/span><span style=\"font-size:14pt\">imhse sin<\/span><span style=\"font-size:14pt\">. Ag an am gc\u00e9anna, t\u00e1<\/span><span style=\"font-size:14pt\">id ann adeir<\/span><span style=\"font-size:14pt\">, gurbh iad na bancaer\u00ed, na r\u00e9alt\u00f3ir\u00ed, agus na t\u00f3g\u00e1laithe a sh\u00e9<\/span><span style=\"font-size:14pt\">id<\/span><span style=\"font-size:14pt\">, agus a sh\u00e9<\/span><span style=\"font-size:14pt\">id<\/span><span style=\"font-size:14pt\">,<\/span><span style=\"font-size:14pt\"> an bolg\u00e1<\/span><span style=\"font-size:14pt\">n<\/span><span style=\"font-size:14pt\"> s\u00ed sin<\/span><span style=\"font-size:14pt\">,<\/span><span style=\"font-size:14pt\"> go dt\u00ed go raibh s\u00e9 i riocht a phl\u00e9<\/span><span style=\"font-size:14pt\">asctha<\/span><span style=\"font-size:14pt\">,<\/span><span style=\"font-size:14pt\"> a bh\u00ed ciontach sa ch\u00fal\u00fa eacnama\u00edochta a lean <\/span><span style=\"font-size:14pt\">phl\u00e9ascadh an bholg\u00e1<\/span><span style=\"font-size:14pt\">in<\/span><span style=\"font-size:14pt\"> dra\u00edochta sin. Ach, d\u00e1<\/span><span style=\"font-size:14pt\">r le daoine eile<\/span><span style=\"font-size:14pt\">, ba \u00e9<\/span><span style=\"font-size:14pt\"> saint agus easba <\/span><span style=\"font-size:14pt\">th\u00edrghr\u00e1<\/span><span style=\"font-size:14pt\"> na cosmhuintire<\/span><span style=\"font-size:14pt\">, a chuir na coin<\/span><span style=\"font-size:14pt\">n\u00edollacha<\/span><span style=\"font-size:14pt\"> ar f\u00e1<\/span><span style=\"font-size:14pt\">il do <\/span><span style=\"font-size:14pt\">na daoine sin le fealladh ar th\u00edr seo na h\u00c9<\/span><span style=\"font-size:14pt\">ireann.<\/span><\/p><p style=\"text-align:center;margin-top:0pt;padding-top:0;margin-bottom:0pt;padding-bottom:0;line-height:1.8\"><strong><span style=\"font-size:18pt\">M\u00e1thair an ghoir<\/span><\/strong><\/p><p style=\"text-align:justify;margin-top:0pt;padding-top:0;margin-bottom:0pt;padding-bottom:0;line-height:1.8\"><span style=\"font-size:14pt\">T\u00e1<\/span><span style=\"font-size:14pt\"> daoine eile an<\/span><span style=\"font-size:14pt\">n<\/span><span style=\"font-size:14pt\"> adeir<\/span><span style=\"font-size:14pt\">, gur i dt\u00fas baire a tharla an triobl\u00f3<\/span><span style=\"font-size:14pt\">id<\/span><span style=\"font-size:14pt\">, agus gurbh ann a bh\u00ed m\u00e1<\/span><span style=\"font-size:14pt\">thair an ghoir.<\/span><\/p><p style=\"text-align:justify;margin-top:0pt;padding-top:0;margin-bottom:0pt;padding-bottom:0;line-height:1.8\"><span style=\"font-size:14pt\">C\u00e9ard t\u00e1<\/span><span style=\"font-size:14pt\"> i gceist acu, an ea?<\/span><\/p><p style=\"text-align:justify;margin-top:0pt;padding-top:0;margin-bottom:0pt;padding-bottom:0;line-height:1.8\"><span style=\"font-size:14pt\">T\u00e1<\/span><span style=\"font-size:14pt\"> seo.<\/span><span style=\"font-size:14pt\"> In ionad poblacht a bhun\u00fa<\/span><span style=\"font-size:14pt\"> ina mbeadh comhchearta ag <\/span><span style=\"font-size:14pt\">\u2018chuile <\/span><span style=\"font-size:14pt\">shaorana<\/span><span style=\"font-size:14pt\">ch, faoi mar a gealladh i bhFor\u00f3<\/span><span style=\"font-size:14pt\">gra na Poblachta, gurbh amhl<\/span><span style=\"font-size:14pt\">aidh a buna\u00edodh St\u00e1<\/span><span style=\"font-size:14pt\">t aicmeach<\/span><span style=\"font-size:14pt\">, ina nd\u00e9anfadh saibhreas na haicm\u00ed \u00e9ags\u00fala a idirdheal\u00fa \u00f3na ch\u00e9ile. Gheall an For\u00f3<\/span><span style=\"font-size:14pt\">gra<\/span><span style=\"font-size:14pt\">,<\/span><span style=\"font-size:14pt\"> go mbeadh chomhchearta ag <\/span><span style=\"font-size:14pt\">\u2018chuile shaor\u00e1<\/span><span style=\"font-size:14pt\">nach, ach ba ghearr gur tuigeadh<\/span><span style=\"font-size:14pt\">, go raibh daoine \u00e1irithe, s\u00e9<\/span><span style=\"font-size:14pt\"> sin<\/span><span style=\"font-size:14pt\">,<\/span><span style=\"font-size:14pt\"> lucht an airgid, <\/span><span style=\"font-size:14pt\">agus <\/span><span style=\"font-size:14pt\">go raibh ar a gcumas<\/span><span style=\"font-size:14pt\">-san na cearta sin a \u00e9ileamh, ach an t\u00e9 nach raibh an spar\u00e1<\/span><span style=\"font-size:14pt\">n teann aige, cead aige<\/span><span style=\"font-size:14pt\">sean dul ag feada\u00edl. Sea, agus n\u00e1r bhraith an m\u00e9id airgid a bh\u00ed ag saor\u00e1<\/span><span style=\"font-size:14pt\">na<\/span><span style=\"font-size:14pt\">ch ar an ioncam a shaothraigh s\u00e9? Agus c\u00e9 shocraigh leibh\u00e9al an ioncaim sin? Na fost\u00f3ir\u00ed. C\u00e9<\/span><span style=\"font-size:14pt\"> eile? Agus<\/span><span style=\"font-size:14pt\"> d\u00e1r nd\u00f3<\/span><span style=\"font-size:14pt\">igh<\/span><span style=\"font-size:14pt\">, ba \u00e9 an St\u00e1t fh\u00e9in an fost\u00f3ir ba mh\u00f3 sa t\u00edr. Bh\u00ed go maith. Ach c\u00e9ard a tharl\u00f3dh d\u00e1 dtiocfadh crua ar na fost\u00f3ir\u00ed, agus ar an St\u00e1t fh\u00e9<\/span><span style=\"font-size:14pt\">in? Bhe<\/span><span style=\"font-size:14pt\">adh orthu gearrad<\/span><span style=\"font-size:14pt\">h siar<\/span><span style=\"font-size:14pt\"> agus ioncam na n-oibrithe a \u00edsli\u00fa. Deineadh sin don ghn\u00e1th oibr\u00ed, ach nuair a d\u00fa<\/span><span style=\"font-size:14pt\">ra<\/span><span style=\"font-size:14pt\">dh gur ch\u00f3<\/span><span style=\"font-size:14pt\">ir gearradh siar ar ioncam trom an dream<\/span><span style=\"font-size:14pt\">a a bh\u00ed thuas<\/span><span style=\"font-size:14pt\">, d\u00fa<\/span><span style=\"font-size:14pt\">radh go raibh conradh oibre acusan<\/span><span style=\"font-size:14pt\">,<\/span><span style=\"font-size:14pt\"> <\/span><span style=\"font-size:14pt\">agus nach bhf\u00e9adfa\u00ed<\/span><span style=\"font-size:14pt\"> drannadh le<\/span><span style=\"font-size:14pt\">o<\/span><span style=\"font-size:14pt\"> sin. Deirimse comhchearta leat!<\/span><\/p><p style=\"text-align:center;margin-top:0pt;padding-top:0;margin-bottom:0pt;padding-bottom:0;line-height:1.8\"><strong><span style=\"font-size:18pt\">C\u00e1 bhfuil \u00e1r dtriall anois?<\/span><\/strong><\/p><p style=\"text-align:justify;margin-top:0pt;padding-top:0;margin-bottom:0pt;padding-bottom:0;line-height:1.8\"><span style=\"font-size:14pt\">Sea, ach c\u00e1 bhfuil \u00e1r dtriall anois mar n\u00e1isi\u00fa<\/span><span style=\"font-size:14pt\">in?<\/span><\/p><p style=\"text-align:justify;margin-top:0pt;padding-top:0;margin-bottom:0pt;padding-bottom:0;line-height:1.8\"><span style=\"font-size:14pt\">C<\/span><span style=\"font-size:14pt\">\u00e9ard d\u00e9arf\u00e1<\/span><span style=\"font-size:14pt\"> faoi dhul <\/span><span style=\"font-size:14pt\">siar ar\u00eds go dt\u00ed m\u00e1<\/span><span style=\"font-size:14pt\">thair an ghoir<\/span><span style=\"font-size:14pt\">, agus tos\u00fa ar\u00eds ar gheall\u00faint\u00ed an Fhor\u00f3gra a chur ar f\u00e1<\/span><span style=\"font-size:14pt\">il do <\/span><span style=\"font-size:14pt\">\u2018<\/span><span style=\"font-size:14pt\">chuile bhall de chlann an<\/span><span style=\"font-size:14pt\"> <\/span><span style=\"font-size:14pt\">naisiuin<\/span><span style=\"font-size:14pt\"> seo<\/span><span style=\"font-size:14pt\">?<\/span><span style=\"font-size:14pt\"> <\/span><span style=\"font-size:14pt\">Ionann sin agus <\/span><span style=\"font-size:14pt\">\u2018chuile ghn\u00e9 de chleachtas an n\u00e1isi\u00fain a scr\u00fad\u00fa, agus a athr\u00fa, d\u00e1 mba gh\u00e1 sin a dh\u00e9<\/span><span style=\"font-size:14pt\">anamh<\/span><span style=\"font-size:14pt\">.<\/span><span style=\"font-size:14pt\"> Arbh fh\u00e9<\/span><span style=\"font-size:14pt\">idir linn<\/span><span style=\"font-size:14pt\">,<\/span><span style=\"font-size:14pt\"> mar chine<\/span><span style=\"font-size:14pt\">, breathn\u00fa ar ch\u00farsa\u00ed ar\u00ed<\/span><span style=\"font-size:14pt\">s<\/span><span style=\"font-size:14pt\">, f\u00e9<\/span><span style=\"font-size:14pt\">ach<\/span><span style=\"font-size:14pt\">aint ar<\/span><span style=\"font-size:14pt\"> chailleamar \u00e1r sl\u00ed<\/span><span style=\"font-size:14pt\"> chuig <\/span><span style=\"font-size:14pt\">St\u00e1t na Saor, faoi mar a theastaigh \u00f3 bhunaitheoir\u00ed<\/span><span style=\"font-size:14pt\"> an<\/span><span style=\"font-size:14pt\"> St\u00e1<\/span><span style=\"font-size:14pt\">it s\u2019againne?<\/span><\/p><p style=\"text-align:justify;margin-top:0pt;padding-top:0;margin-bottom:0pt;padding-bottom:0;line-height:1.8\"><span style=\"font-size:14pt\">C\u00e9ard a cheapf\u00e1 fh\u00e9in?<\/span><\/p><p style=\"text-align:justify;margin-top:0pt;padding-top:0;margin-bottom:0pt;padding-bottom:0;line-height:1.8\"><span style=\"font-size:12pt\"> <\/span><\/p><p style=\"text-align:justify;margin-top:0pt;padding-top:0;margin-bottom:0pt;padding-bottom:0;line-height:1.8\"><span style=\"height:1em\"><span>.<\/span><\/span><\/p>","protected":false},"excerpt":{"rendered":"<p>Seachr\u00e1n Sl\u00ed ? Peadar Bair\u00e9ad Suan na mBlianta N\u00e1r mhinic, sna seansc\u00e9alta, a chuala muid faoi dhuine, n\u00f3 faoi dhream, a bheith tite i suan, n\u00f3 i dtinneas dra\u00edochta, agus fad is a bh\u00ed siad faoi gheasa sa t-suan dra\u00edochta sin, n\u00ed bh\u00edodh ar a gcumas tada a dh\u00e9anamh len iad fh\u00e9in a chosaint, n\u00f3 [&hellip;]<\/p>\n","protected":false},"author":2,"featured_media":13435,"comment_status":"open","ping_status":"open","sticky":false,"template":"","format":"standard","meta":{"nf_dc_page":"","_et_pb_use_builder":"","_et_pb_old_content":"","_et_gb_content_width":"","footnotes":""},"categories":[1],"tags":[],"class_list":["post-13221","post","type-post","status-publish","format-standard","has-post-thumbnail","hentry","category-gan-chatagoir"],"_links":{"self":[{"href":"https:\/\/mickgb.com\/ga\/wp-json\/wp\/v2\/posts\/13221","targetHints":{"allow":["GET"]}}],"collection":[{"href":"https:\/\/mickgb.com\/ga\/wp-json\/wp\/v2\/posts"}],"about":[{"href":"https:\/\/mickgb.com\/ga\/wp-json\/wp\/v2\/types\/post"}],"author":[{"embeddable":true,"href":"https:\/\/mickgb.com\/ga\/wp-json\/wp\/v2\/users\/2"}],"replies":[{"embeddable":true,"href":"https:\/\/mickgb.com\/ga\/wp-json\/wp\/v2\/comments?post=13221"}],"version-history":[{"count":1,"href":"https:\/\/mickgb.com\/ga\/wp-json\/wp\/v2\/posts\/13221\/revisions"}],"predecessor-version":[{"id":13222,"href":"https:\/\/mickgb.com\/ga\/wp-json\/wp\/v2\/posts\/13221\/revisions\/13222"}],"wp:featuredmedia":[{"embeddable":true,"href":"https:\/\/mickgb.com\/ga\/wp-json\/wp\/v2\/media\/13435"}],"wp:attachment":[{"href":"https:\/\/mickgb.com\/ga\/wp-json\/wp\/v2\/media?parent=13221"}],"wp:term":[{"taxonomy":"category","embeddable":true,"href":"https:\/\/mickgb.com\/ga\/wp-json\/wp\/v2\/categories?post=13221"},{"taxonomy":"post_tag","embeddable":true,"href":"https:\/\/mickgb.com\/ga\/wp-json\/wp\/v2\/tags?post=13221"}],"curies":[{"name":"wp","href":"https:\/\/api.w.org\/{rel}","templated":true}]}}