{"id":13255,"date":"2017-04-04T11:00:00","date_gmt":"2017-04-04T11:00:00","guid":{"rendered":"https:\/\/mickgb.com\/?p=13255"},"modified":"2024-04-08T01:12:00","modified_gmt":"2024-04-08T01:12:00","slug":"sin-chugam-an-ghealach-1","status":"publish","type":"post","link":"https:\/\/mickgb.com\/ga\/sin-chugam-an-ghealach-1\/","title":{"rendered":"S\u00edn  chugam  an  Ghealach 1"},"content":{"rendered":"<h2 style=\"text-align:center;margin-top:0pt;padding-top:0;margin-bottom:0pt;padding-bottom:0;line-height:2.4;font-weight:bold;font-size:18pt\"><span style=\"font-size:24pt\">S\u00edn  chugam  an  Ghealach !<\/span><span style=\"font-size:24pt\"> <\/span><span style=\"font-size:24pt\">  1<\/span><span style=\"font-size:24pt\">&nbsp;&nbsp;<\/span><\/h2><p style=\"text-align:justify;margin-top:0pt;padding-top:0;margin-bottom:0pt;padding-bottom:0;line-height:2.4;font-size:12pt\">Peadar Bair\u00e9ad<\/p><p style=\"text-align:center;margin-top:0pt;padding-top:0;margin-bottom:0pt;padding-bottom:0;line-height:2.4;font-size:12pt\"><strong><span style=\"font-size:14pt\"><em>(<\/em><\/span><span style=\"font-size:14pt\"><em>This week, <\/em><\/span><span style=\"font-size:14pt\"><em>let\u2019s<\/em><\/span><span style=\"font-size:14pt\"><em> take a t<\/em><\/span><span style=\"font-size:14pt\"><em>rip down Memory Lane)<\/em><\/span><\/strong><\/p><p style=\"text-align:center;margin-top:0pt;padding-top:0;margin-bottom:0pt;padding-bottom:0;line-height:2.4;font-size:12pt\"><strong><span style=\"font-size:18pt\">B\u00f3ithr\u00edn na smaointe<\/span><\/strong><\/p><p style=\"text-align:justify;margin-top:0pt;padding-top:0;margin-bottom:0pt;padding-bottom:0;line-height:2.4;font-size:12pt\"><span style=\"font-size:14pt\">Minic, na laethe seo, a th\u00e9ann m\u2019<\/span><span style=\"font-size:14pt\">aigne siar B\u00f3ithr\u00edn na S<\/span><span style=\"font-size:14pt\">maointe, siar thar bhlianta fada mo r\u00e9, agus m\u00e9 ag iarraidh ciall eic\u00ednt a bhaint as an saol anr\u00f3iteach, anacair, an\u00e1sta, seo. Ar na ge\u00e1bhanna sin, siar thar laethe mo r\u00e9, is minic a chr\u00edochna\u00edm an turas agus m\u00e9 im<\/span><span style=\"font-size:14pt\">\u2019<\/span><span style=\"font-size:14pt\"> ghas\u00fair\u00edn beag, \u00f3g, ag breathn\u00fa in airde ar aghaidh gheal <\/span><span style=\"font-size:14pt\">Fhear na G<\/span><span style=\"font-size:14pt\">eala\u00ed gile. Chomh fada is a bhain s\u00e9 liomsa, n\u00ed raibh tada riamh ar an saol<\/span><span style=\"font-size:14pt\"> seo<\/span><span style=\"font-size:14pt\"> a bh\u00ed chomh halainn, inmhianaithe, leis an liathr\u00f3id soils<\/span><span style=\"font-size:14pt\">each \u00fad, a bh\u00ed ag spr\u00e9acharnach<\/span><span style=\"font-size:14pt\"> lei thuas ansin sa sp\u00e9ir r\u00e9alt\u00f3gach. Is cuimhin liom gur chuir m\u00e9 na smaointe sin, chomh fada is a d<\/span><span style=\"font-size:14pt\">\u2019fh\u00e9adfainn<\/span><span style=\"font-size:14pt\"> ag an am<\/span><span style=\"font-size:14pt\">, in i\u00fal do m\u2019athair, o\u00edche amh\u00e1in.<\/span><span style=\"font-size:14pt\"> \u201cFan ort anois,\u201d ar seisean, \u201cb\u00edodh foighid agat, agus ceann de na ho\u00edcheanta seo, nuair a bheidh an r\u00e9 sin bea<\/span><span style=\"font-size:14pt\">g\u00e1in\u00edn n\u00edos \u00edsle ar an sp\u00e9ir, g<\/span><span style=\"font-size:14pt\">eobhaidh mise an seandr\u00e9imire, agus gabhfaidh m\u00e9 in airde, agus gheobhaidh m\u00e9 greim an an mboc sin, cuirfidh m<\/span><span style=\"font-size:14pt\">\u00e9 isteach i m\u00e1la m\u00f3<\/span><span style=\"font-size:14pt\">r an charrai<\/span><span style=\"font-size:14pt\">g\u00edn<\/span><span style=\"font-size:14pt\"> \u00ed, agus t\u00f3gfaidh m\u00e9 anuas liom \u00ed, agus bronnfaidh m\u00e9 ortsa \u00ed. Anois, c\u00e9ard deir t\u00fa?\u201d<\/span><\/p><p style=\"text-align:justify;margin-top:0pt;padding-top:0;margin-bottom:0pt;padding-bottom:0;line-height:2.4;font-size:14pt\">Bhuel, A Thiarcais! Bh\u00ed m\u00e9 chomh br\u00f3d\u00fail is d\u00e1 mbronnfadh s\u00e9 b\u00f3 orm, agus thug caint \u00fad mo Dhaid misneach agus s\u00e1samh domsa, go ceann i bhfad ina dhiaidh sin. I nd\u00e1ir\u00edre, is d\u00f3cha go bhf\u00e9adf\u00e1 a r\u00e1, gur ghealaigh a gheall\u00faint laethe dorcha mo bheatha dhom, anuas go dt\u00ed an l\u00e1 at\u00e1 inniu fh\u00e9in ann, n\u00f3 mh\u00fain s\u00e9 dom, go bhf\u00e9adf\u00e1 a chreidi\u00faint go raibh f\u00e1il ar ghile na gile fh\u00e9in, ach a bheith foighdeach, agus tabhairt faoi le creideamh agus le fonn.<\/p><h2 style=\"text-align:center;margin-top:0pt;padding-top:0;margin-bottom:0pt;padding-bottom:0;line-height:2.4;font-weight:bold;font-size:18pt\">T\u00edr  na  n\u00d3g<\/h2><p style=\"text-align:justify;margin-top:0pt;padding-top:0;margin-bottom:0pt;padding-bottom:0;line-height:2.4;font-size:12pt\"><span style=\"font-size:14pt\">Nuair a th\u00e1inig ann dom, blianta beaga ina dhiaidh sin, th\u00e1inig m\u00e9 ar an dtuairim, go raibh difir mh\u00f3r idir Th\u00edr na n\u00d3g agus a raibh ar f\u00e1il i nGleann seo na nDeor, ach ag an am gc\u00e9anna, tuigeadh dom, gur ch\u00f3ir d\u00fainn dul ar th\u00f3ir na foirfeachta i gc\u00f3na\u00ed, b\u00edodh nach sroichfeadh muid leibh\u00e9al \u00dat\u00f3ipeach riamh<\/span><span style=\"font-size:14pt\"> ar an saol seo<\/span><span style=\"font-size:14pt\">. Agus, b\u00edodh nach bhfuil f\u00e1il ar an bhfoirfeacht i gc\u00f3na\u00ed, is f\u00e9idir linn, rud eic\u00ednt at\u00e1 an-ghar d\u00f3 a t<\/span><span style=\"font-size:14pt\">habhairt i gcr\u00edch<\/span><span style=\"font-size:14pt\">, ach a chreidi\u00faint go raibh s\u00e9 infhaighte agus ind\u00e9anta, agus chuile dh\u00edcheall a dh\u00e9anamh ansin dul sa t\u00f3ir air.<\/span><\/p><p style=\"text-align:justify;margin-top:0pt;padding-top:0;margin-bottom:0pt;padding-bottom:0;line-height:2.4;font-size:14pt\">Blianta fada ina dhiaidh sin, rinne m\u00e9 iarracht ar dh\u00e1n beag a chumadh i gcuimhne na h\u00f3c\u00e1ide sin. \u2018Fear na Geala\u00ed Gile\u2019 a bhaist m\u00e9 air, agus b\u2019fh\u00e9idir n\u00e1rbh olc an smaoineamh \u00e9 bleaist bheag de a thabhairt duit anseo. Mar sin, seo chugat &#8230;..<\/p><p style=\"text-align:center;margin-top:0pt;padding-top:0;margin-bottom:0pt;padding-bottom:0;line-height:2.4;font-size:12pt\"><strong><span style=\"font-size:18pt\">Fear na Geala\u00ed gile.<\/span><span style=\"font-size:14pt\"> <\/span><\/strong><\/p><p style=\"margin-top:0pt;padding-top:0;margin-bottom:0pt;padding-bottom:0;line-height:2.4;font-size:12pt;margin-left:108pt\"><span style=\"height:1em\"><span>.<\/span><\/span><\/p><p style=\"margin-top:0pt;padding-top:0;margin-bottom:0pt;padding-bottom:0;line-height:2.4;font-size:12pt;margin-left:108pt\"><span style=\"font-size:14pt\">A Fhir ghealgh\u00e1ireach an Geala\u00ed gile,<\/span><\/p><p style=\"margin-top:0pt;padding-top:0;margin-bottom:0pt;padding-bottom:0;line-height:2.4;font-size:12pt;margin-left:108pt\"><span style=\"font-size:14pt\">Ag breathn\u00fa anuas ar an saol duit,<\/span><\/p><p style=\"margin-top:0pt;padding-top:0;margin-bottom:0pt;padding-bottom:0;line-height:2.4;font-size:12pt;margin-left:108pt\"><span style=\"font-size:14pt\">An \u00e9 \u00e1r n-amaid\u00ed, n\u00f3 \u00e1r mbaois mh\u00edchiallmhar<\/span><\/p><p style=\"margin-top:0pt;padding-top:0;margin-bottom:0pt;padding-bottom:0;line-height:2.4;font-size:12pt;margin-left:108pt\"><span style=\"font-size:14pt\">A leathann<\/span><span style=\"font-size:14pt\"> an<\/span><span style=\"font-size:14pt\"> straois <\/span><span style=\"font-size:14pt\">sin<\/span><span style=\"font-size:14pt\"> ar t\u2019aghaidh rocach?<\/span><\/p><p style=\"margin-top:0pt;padding-top:0;margin-bottom:0pt;padding-bottom:0;line-height:2.4;font-size:12pt;margin-left:108pt\"><span style=\"height:1em\"><span>.<\/span><\/span><\/p><p style=\"margin-top:0pt;padding-top:0;margin-bottom:0pt;padding-bottom:0;line-height:2.4;font-size:12pt;margin-left:108pt\"><span style=\"font-size:14pt\">N\u00f3 an amhlaidh a thuigeann t\u00fa daille an duine,<\/span><\/p><p style=\"margin-top:0pt;padding-top:0;margin-bottom:0pt;padding-bottom:0;line-height:2.4;font-size:12pt;margin-left:108pt\"><span style=\"font-size:14pt\">A mhilleann is a chreachann an saol seo,<\/span><\/p><p style=\"margin-top:0pt;padding-top:0;margin-bottom:0pt;padding-bottom:0;line-height:2.4;font-size:12pt;margin-left:108pt\"><span style=\"font-size:14pt\">Is baineann an iompar sin deoir as do sh\u00faile,<\/span><\/p><p style=\"margin-top:0pt;padding-top:0;margin-bottom:0pt;padding-bottom:0;line-height:2.4;font-size:12pt;margin-left:108pt\"><span style=\"font-size:14pt\">Is miongh\u00e1ire m\u00ed-ionraic ar do bheola.<\/span><\/p><p style=\"margin-top:0pt;padding-top:0;margin-bottom:0pt;padding-bottom:0;line-height:2.4;font-size:12pt;margin-left:108pt\"><span style=\"height:1em\"><span>.<\/span><\/span><\/p><p style=\"margin-top:0pt;padding-top:0;margin-bottom:0pt;padding-bottom:0;line-height:2.4;font-size:12pt;margin-left:108pt\"><span style=\"font-size:14pt\">Mo bhu\u00edochas \u00f3 chro\u00ed dhuit, a fhir \u00fad an lampa,<\/span><\/p><p style=\"margin-top:0pt;padding-top:0;margin-bottom:0pt;padding-bottom:0;line-height:2.4;font-size:12pt;margin-left:108pt\"><span style=\"font-size:14pt\">A threoirigh \u00e1r muintir gan tuisle,<\/span><\/p><p style=\"margin-top:0pt;padding-top:0;margin-bottom:0pt;padding-bottom:0;line-height:2.4;font-size:12pt;margin-left:108pt\"><span style=\"font-size:14pt\">Tr\u00ed bhogach, tr\u00ed riasc, is tr\u00ed phortaigh gan teorainn,<\/span><\/p><p style=\"margin-top:0pt;padding-top:0;margin-bottom:0pt;padding-bottom:0;line-height:2.4;font-size:12pt;margin-left:108pt\"><span style=\"font-size:14pt\">Ar mhaithe le caidreamh na gcomharsan. <\/span><\/p><p style=\"text-align:justify;margin-top:0pt;padding-top:0;margin-bottom:0pt;padding-bottom:0;line-height:2.4;font-size:12pt\"><span style=\"height:1em\"><span>.<\/span><\/span><\/p><p style=\"text-align:justify;margin-top:0pt;padding-top:0;margin-bottom:0pt;padding-bottom:0;line-height:2.4;font-size:12pt\"><strong><span style=\"text-decoration:underline;font-size:16pt\"><em>Ar lean\u00faint an tseachtain seo chugainn&#8230;..<\/em><\/span><\/strong><\/p><p style=\"text-align:center;margin-top:0pt;padding-top:0;margin-bottom:0pt;padding-bottom:0;line-height:2.4;font-size:14pt\"><strong><span style=\"font-size:28pt\">Sin chugam an Ghealach<\/span><span style=\"font-size:28pt\">  2<\/span><\/strong><\/p><p style=\"margin-top:0pt;padding-top:0;margin-bottom:0pt;padding-bottom:0;line-height:2.4;font-size:14pt\">Peadar Bair\u00e9ad<\/p><p style=\"text-align:center;margin-top:0pt;padding-top:0;margin-bottom:0pt;padding-bottom:0;line-height:1.8;font-size:14pt\"><strong><em>(This week we continue our journey down Memory Lane)<\/em><\/strong><\/p><p style=\"text-align:justify;margin-top:0pt;padding-top:0;margin-bottom:0pt;padding-bottom:0;line-height:1.8;font-size:14pt\"><span style=\"height:1em\"><span>.<\/span><\/span><\/p><p style=\"text-align:center;margin-top:0pt;padding-top:0;margin-bottom:0pt;padding-bottom:0;line-height:1.8;font-size:14pt\"><strong><span style=\"font-size:18pt\">Geall\u00faint\u00ed <\/span><span style=\"font-size:18pt\"> <\/span><span style=\"font-size:18pt\">geala<\/span><\/strong><\/p><p style=\"text-align:justify;margin-top:0pt;padding-top:0;margin-bottom:0pt;padding-bottom:0;line-height:1.8;font-size:14pt\">An tseachtain seo caite labhair m\u00e9 faoi \u00e1illeacht na geala\u00ed gile, agus faoi mar a chuir m\u00e9 fh\u00e9in d\u00fail inti \u00f3 laethe m\u2019\u00f3ige i leith&#8230;..Ach n\u00ed chuige sin uilig at\u00e1 m\u00e9, an babhta seo, ach chuige seo. Ba mhaith liom labhairt anois faoi na geall\u00faint\u00ed uilig a tugadh, agus a thugtar f\u00f3s, do dhaoine, d\u2019fhonn iad a mhealladh treo amh\u00e1in, n\u00f3 sa treo \u00fad eile. Cuir san \u00e1ireamh freisin, na f\u00e9idireachta\u00ed uilig a leagadh os ar gcomhair amach le dallamull\u00f3g a chur orainn, tr\u00e1th a raibh pobal mac\u00e1nta, saonta, anseo againn.<\/p><p style=\"text-align:justify;margin-top:0pt;padding-top:0;margin-bottom:0pt;padding-bottom:0;line-height:1.8;font-size:14pt\">Anois, b\u00edodh gur chreid m\u00e9 sna f\u00e9idireachta\u00ed sin uilig, agus d\u00e9arfainn gur chreid roinnt mhaith de na daoine thart orm sa leagan amach c\u00e9anna sin, n\u00e1rbh asainn a baineadh an mealladh, nuair a fuaireamar amach, nach mar sin a tharla\u00edodh sa tsaol cam, casta, c\u00e9asta, a bh\u00ed thart orainn. <\/p><h2 style=\"text-align:center;margin-top:0pt;padding-top:0;margin-bottom:0pt;padding-bottom:0;line-height:1.8;font-weight:bold;font-size:18pt\">Geall\u00faint\u00ed  Polait\u00edochta!<\/h2><p style=\"text-align:justify;margin-top:0pt;padding-top:0;margin-bottom:0pt;padding-bottom:0;line-height:1.8;font-size:12pt\"><span style=\"font-size:14pt\">Breathnaigh ar ch\u00farsa\u00ed polait\u00edochta, i dtosach. Nuair a bh\u00ed mise \u00f3g, caithfidh m\u00e9 a admh\u00e1il, gur chreid m\u00e9 chuile fhocal \u00f3n lucht polait\u00edochta! D\u00faradarsan linn, go gcruth\u00f3dh siad saol an mhadaidh bh\u00e1in d\u00fainn ach \u00e1r v\u00f3ta\u00ed a bhronnadh orthu, l\u00e1 an toghch\u00e1in. D\u00e1 nd\u00e9anfadh muid amhlaidh, chuirfeadh siadsan \u00dat\u00f3ipe ar thalamh ar f\u00e1il d\u00fainn. Bheadh obair le f\u00e1il ag chuile shaor\u00e1nach, bheadh \u00e1ras in \u00e1irithe do chuile chlann, bheadh scola\u00edocht den scoth le f\u00e1il, saor in aisce, ag chuile mhac m\u00e1thar, agus in\u00edon athar, sa t\u00edr. N\u00ed g\u00e1 dhom cur s\u00edos ar na h\u00e1iseanna eile a chuirf\u00ed ar f\u00e1il d\u00fainn, ach bheadh c\u00farsa\u00ed leighis, c\u00farsa\u00ed taistil, c\u00farsa\u00ed l\u00e9inn, agus chuile chineal c\u00farsa eile, ar f\u00e1il, d\u2019\u00f3g agus d\u2019aosta, sa Phoblacht a bheadh againn, d\u00e1 mbronnfaim\u00eds an chumhacht chuige sin orthusan. Sea, agus bheadh deireadh go deo le bochtaineacht, le hanr\u00f3, le cruatan, agus le gorta.<\/span><\/p><h2 style=\"text-align:center;margin-top:0pt;padding-top:0;margin-bottom:0pt;padding-bottom:0;line-height:1.8;font-weight:bold;font-size:18pt\">Tuar agus Tairngreacht<\/h2><p style=\"text-align:justify;margin-top:0pt;padding-top:0;margin-bottom:0pt;padding-bottom:0;line-height:1.8;font-size:12pt\"><span style=\"font-size:14pt\">Agus ar th\u00e1inig an tuar faoin dtairngreacht, tr\u00e1th fuair siad na v\u00f3ta\u00ed agus an chumhacht? <\/span><\/p><p style=\"text-align:justify;margin-top:0pt;padding-top:0;margin-bottom:0pt;padding-bottom:0;line-height:1.8;font-size:12pt\"><span style=\"font-size:14pt\">Ag magadh f\u00fam at\u00e1 t\u00fa! n\u00f3 in \u00e1it d\u00f3ibh \u00dat\u00f3ipe a chur ar f\u00e1il d\u00fainn, n\u00f3 d\u00e1 mh\u00e9ad a gheall siad, is ea ba l\u00fa a dh\u00e1il siad! N\u00f3 b\u2019in mar a samhla\u00edodh d\u00fainne \u00e9, ach go h\u00e1irithe.<\/span><\/p><p style=\"text-align:justify;margin-top:0pt;padding-top:0;margin-bottom:0pt;padding-bottom:0;line-height:1.8;font-size:12pt\"><span style=\"font-size:14pt\">D\u2019fh\u00e9adf\u00e1 breathn\u00fa freisin ar ch\u00farsa\u00ed l\u00e9inn agus ar ch\u00farsa\u00ed sl\u00e1inte, agus thuigfe\u00e1 gurb \u00e9 an sc\u00e9al c\u00e9anna sna c\u00farsa\u00ed sin \u00e9. Gealladh don duine \u00f3g go mbeadh saol an mhadaidh bh\u00e1in aige ach lu\u00ed isteach ar na leabhair, agus staid\u00e9ar dian a dh\u00e9anamh, le linn a \u00f3ige. Seaf\u00f3id ar\u00eds! Mar is d\u00f3cha nach bhfuil f\u00e1il ar shaol an <\/span><span style=\"font-size:14pt\">mhadaidh ch\u00e9anna sin, dubh, b\u00e1n, n\u00f3 riabhach, ar an saol seo, n\u00f3 m\u00e1 t\u00e1, caithfear dul tr\u00ed chruatan agus tr\u00ed hanr\u00f3 lena bhaint amach. Agus ag caint ar ch\u00farsa\u00ed sl\u00e1inte, nach minic a ghealltar don duine \u00f3g go mbeadh chuile sh\u00f3rt ar a dheis aige, ach an bheatha cheart a ithe, na deochanna sl\u00e1inti\u00fala \u00fad a \u00f3l, agus fanacht glan amach \u00f3 ph\u00f3it is \u00f3 chraos. <\/span><\/p><p style=\"text-align:center;margin-top:0pt;padding-top:0;margin-bottom:0pt;padding-bottom:0;line-height:1.8;font-size:12pt\"><strong><span style=\"font-size:18pt\">Geall\u00faint\u00ed n\u00e1r fiora\u00edodh<\/span><\/strong><\/p><p style=\"text-align:justify;margin-top:0pt;padding-top:0;margin-bottom:0pt;padding-bottom:0;line-height:1.8;font-size:12pt\"><span style=\"font-size:14pt\">Bhuel! N\u00ed i gc\u00f3na\u00ed a fh\u00edora\u00edtear na geall\u00faint\u00ed c\u00e9anna sin, ach oiread, n\u00f3 nach bhfaightear an tseanduine, anseo is ansi\u00fad, a dhearbha\u00edonn, gurbh iad an tobac agus an bhiot\u00e1ille a choinnigh sa tsi\u00fal \u00e9, tr\u00ed bhlianta fada a r\u00e9.<\/span><\/p><p style=\"text-align:justify;margin-top:0pt;padding-top:0;margin-bottom:0pt;padding-bottom:0;line-height:1.8;font-size:12pt\"><span style=\"font-size:14pt\">Sea, mh\u2019anam! Ar deireadh thiar, cuireadh ina lu\u00ed orm fh\u00e9in, go raibh cos\u00falachta\u00ed idir an ghealach agus an dr\u00e9imire \u00fad, &#8211; ar dhein mo Dhaid tagairt d\u00f3ibh agus mise i mo ghas\u00far, &#8211;  agus c\u00farsa\u00ed an tsaoil seo. Mar nuair is c\u00farsa\u00ed an tsaoil seo, agus c\u00farsa\u00ed daonna, at\u00e1 idir cham\u00e1in againn, caithfimid glacadh leis, go bhfuil difir mh\u00f3r idir an rud at\u00e1 inmhianaithe, agus an rud a bhfuil f\u00e1il air, le linn \u00e1r r\u00e9 abhus. Soils\u00edonn \u00dat\u00f3ipe an cas\u00e1n d\u00fainn, agus spreagann s\u00e9 sinn i dtreo na foirfeachta daonna, ach, i nd\u00e1ir\u00edre p\u00edre, n\u00ed \u00e9ireoidh linn an st\u00e1das sin a r\u00e9aladh, fad is beo sinn. N\u00ed bhfuair m\u00e9 fh\u00e9in greim riamh ar an ngealach gheal soilseach \u00fad, ach sh\u00e1saigh an smaoineamh agus a fh\u00e9idireacht m\u00e9, le linn laethe duairce, dorcha, mo bheatha. Mar sin, n\u00e1 cuireadh s\u00e9 aon lagmhisneach orainn f\u00e1il amach nach bhfuil an \u00dat\u00f3ipe \u00fad inshroichte, ar an saol seo, ach ag an am gc\u00e9anna, n\u00e1r ch\u00f3ir go spreagfadh an choincheap ch\u00e9anna sinn teacht chomh c\u00f3ngarach agus is f\u00e9idir linn, don \u00dat\u00f3ipe ar thalamh \u00fad, a mheall, agus a sh\u00e1saigh sinn, go h\u00e1irithe le linn laethe neamha\u00ed d\u00f3chasacha, na h\u00f3ige.. <\/span><\/p><p style=\"text-align:center;margin-top:0pt;padding-top:0;margin-bottom:0pt;padding-bottom:0;line-height:1.8;font-size:12pt\"><span style=\"height:1em\"><span>.<\/span><\/span><\/p><p style=\"text-align:center;margin-top:0pt;padding-top:0;margin-bottom:0pt;padding-bottom:0;line-height:2.4;font-size:12pt\"><span style=\"height:1em\"><span>.<\/span><\/span><\/p><p style=\"text-align:justify;margin-top:0pt;padding-top:0;margin-bottom:0pt;padding-bottom:0;line-height:2.4;font-size:12pt\"><span style=\"height:1em\"><span>.<\/span><\/span><\/p><p style=\"text-align:justify;margin-top:0pt;padding-top:0;margin-bottom:0pt;padding-bottom:0;line-height:2.4;font-size:12pt\"><span style=\"height:1em\"><span>.<\/span><\/span><\/p><p style=\"text-align:justify;margin-top:0pt;padding-top:0;margin-bottom:0pt;padding-bottom:0;line-height:2.4;font-size:12pt\"><span style=\"height:1em\"><span>.<\/span><\/span><\/p><p style=\"text-align:justify;margin-top:0pt;padding-top:0;margin-bottom:0pt;padding-bottom:0;line-height:2.4;font-size:12pt\"><span style=\"height:1em\"><span>.<\/span><\/span><\/p><p style=\"text-align:justify;margin-top:0pt;padding-top:0;margin-bottom:0pt;padding-bottom:0;line-height:2.4;font-size:12pt\"><span style=\"height:1em\"><span>.<\/span><\/span><\/p><p style=\"text-align:justify;margin-top:0pt;padding-top:0;margin-bottom:0pt;padding-bottom:0;line-height:2.4;font-size:12pt\"><span style=\"height:1em\"><span>.<\/span><\/span><\/p><p style=\"text-align:justify;margin-top:0pt;padding-top:0;margin-bottom:0pt;padding-bottom:0;line-height:2.4;font-size:12pt\"><span style=\"height:1em\"><span>.<\/span><\/span><\/p><p style=\"text-align:justify;margin-top:0pt;padding-top:0;margin-bottom:0pt;padding-bottom:0;line-height:2.4;font-size:12pt\"><span style=\"height:1em\"><span>.<\/span><\/span><\/p><p style=\"text-align:justify;margin-top:0pt;padding-top:0;margin-bottom:0pt;padding-bottom:0;line-height:2.4;font-size:14pt\"><span style=\"height:1em\"><span>.<\/span><\/span><\/p><p style=\"text-align:justify;margin-top:0pt;padding-top:0;margin-bottom:0pt;padding-bottom:0;line-height:2.4;font-size:14pt\"><span style=\"height:1em\"><span>.<\/span><\/span><\/p><p style=\"text-align:justify;margin-top:0pt;padding-top:0;margin-bottom:0pt;padding-bottom:0;line-height:2.4;font-size:14pt\"><span style=\"height:1em\"><span>.<\/span><\/span><\/p><p style=\"text-align:justify;margin-top:0pt;padding-top:0;margin-bottom:0pt;padding-bottom:0;line-height:2.4;font-size:14pt\"><span style=\"height:1em\"><span>.<\/span><\/span><\/p><p style=\"text-align:justify;margin-top:0pt;padding-top:0;margin-bottom:0pt;padding-bottom:0;line-height:2.4;font-size:14pt\"><span style=\"height:1em\"><span>.<\/span><\/span><\/p><p style=\"text-align:center;margin-top:0pt;padding-top:0;margin-bottom:0pt;padding-bottom:0;line-height:2.4;font-size:12pt\"><span style=\"height:1em\"><span>.<\/span><\/span><\/p>","protected":false},"excerpt":{"rendered":"<p>S\u00edn chugam an Ghealach ! 1&nbsp;&nbsp; Peadar Bair\u00e9ad (This week, let\u2019s take a trip down Memory Lane) B\u00f3ithr\u00edn na smaointe Minic, na laethe seo, a th\u00e9ann m\u2019aigne siar B\u00f3ithr\u00edn na Smaointe, siar thar bhlianta fada mo r\u00e9, agus m\u00e9 ag iarraidh ciall eic\u00ednt a bhaint as an saol anr\u00f3iteach, anacair, an\u00e1sta, seo. Ar na ge\u00e1bhanna [&hellip;]<\/p>\n","protected":false},"author":2,"featured_media":13435,"comment_status":"open","ping_status":"open","sticky":false,"template":"","format":"standard","meta":{"nf_dc_page":"","_et_pb_use_builder":"","_et_pb_old_content":"","_et_gb_content_width":"","footnotes":""},"categories":[1],"tags":[],"class_list":["post-13255","post","type-post","status-publish","format-standard","has-post-thumbnail","hentry","category-gan-chatagoir"],"_links":{"self":[{"href":"https:\/\/mickgb.com\/ga\/wp-json\/wp\/v2\/posts\/13255","targetHints":{"allow":["GET"]}}],"collection":[{"href":"https:\/\/mickgb.com\/ga\/wp-json\/wp\/v2\/posts"}],"about":[{"href":"https:\/\/mickgb.com\/ga\/wp-json\/wp\/v2\/types\/post"}],"author":[{"embeddable":true,"href":"https:\/\/mickgb.com\/ga\/wp-json\/wp\/v2\/users\/2"}],"replies":[{"embeddable":true,"href":"https:\/\/mickgb.com\/ga\/wp-json\/wp\/v2\/comments?post=13255"}],"version-history":[{"count":1,"href":"https:\/\/mickgb.com\/ga\/wp-json\/wp\/v2\/posts\/13255\/revisions"}],"predecessor-version":[{"id":13256,"href":"https:\/\/mickgb.com\/ga\/wp-json\/wp\/v2\/posts\/13255\/revisions\/13256"}],"wp:featuredmedia":[{"embeddable":true,"href":"https:\/\/mickgb.com\/ga\/wp-json\/wp\/v2\/media\/13435"}],"wp:attachment":[{"href":"https:\/\/mickgb.com\/ga\/wp-json\/wp\/v2\/media?parent=13255"}],"wp:term":[{"taxonomy":"category","embeddable":true,"href":"https:\/\/mickgb.com\/ga\/wp-json\/wp\/v2\/categories?post=13255"},{"taxonomy":"post_tag","embeddable":true,"href":"https:\/\/mickgb.com\/ga\/wp-json\/wp\/v2\/tags?post=13255"}],"curies":[{"name":"wp","href":"https:\/\/api.w.org\/{rel}","templated":true}]}}