{"id":13307,"date":"2017-04-04T11:00:00","date_gmt":"2017-04-04T11:00:00","guid":{"rendered":"https:\/\/mickgb.com\/?p=13307"},"modified":"2024-04-08T01:05:45","modified_gmt":"2024-04-08T01:05:45","slug":"suile-dishramtha","status":"publish","type":"post","link":"https:\/\/mickgb.com\/ga\/suile-dishramtha\/","title":{"rendered":"Suile dishramtha"},"content":{"rendered":"<p style=\"text-align:center;margin-top:0pt;padding-top:0;margin-bottom:10pt;padding-bottom:0;line-height:1.8\"><strong><span style=\"font-size:28pt\">S\u00faile d\u00edshramtha! <\/span><\/strong><\/p><p style=\"margin-top:0pt;padding-top:0;margin-bottom:10pt;padding-bottom:0;line-height:1.8\"><span style=\"font-size:14pt\">Peadar Bair\u00e9ad<\/span><strong><span style=\"font-size:18pt\"> <\/span><\/strong><\/p><p style=\"text-align:justify;margin-top:0pt;padding-top:0;margin-bottom:10pt;padding-bottom:0;line-height:1.8\"><span style=\"font-size:14pt\">Tharla gur l\u00e9igh m\u00e9 p\u00edosa le John Waters in eagr\u00e1<\/span><span style=\"font-size:14pt\">n an <\/span><span style=\"font-size:14pt\">15<\/span><span style=\"font-size:14pt\">\u00fa Nollaig 2013<\/span><span style=\"font-size:14pt\"> den <\/span><span style=\"font-size:14pt\">\u2018<\/span><span style=\"font-size:14pt\">Irish Mail on Sunday<\/span><span style=\"font-size:14pt\">\u2019<\/span><span style=\"font-size:14pt\">, agus caithfidh m\u00e9 a r\u00e1, gur bhain an p\u00edosa c\u00e9<\/span><span style=\"font-size:14pt\">anna sin st<\/span><span style=\"font-size:14pt\">angadh asam<\/span><span style=\"font-size:14pt\">. Anois,<\/span><span style=\"font-size:14pt\"> b\u00edodh go l\u00e9im col\u00fa<\/span><span style=\"font-size:14pt\">n John<\/span><span style=\"font-size:14pt\"> minic go leor, agus b\u00ed<\/span><span style=\"font-size:14pt\">odh freisin<\/span><span style=\"font-size:14pt\">, nach go r\u00f3-mhinic a aonta\u00edm go huile is go hioml\u00e1n leis, ag an am gc\u00e9anna, caithfidh m\u00e9 a admh\u00e1<\/span><span style=\"font-size:14pt\">il<\/span><span style=\"font-size:14pt\">,<\/span><span style=\"font-size:14pt\"> an babhta seo<\/span><span style=\"font-size:14pt\">, gur chuir s\u00e9 roinnt \u00e1irithe f\u00edric\u00ed ar mo sh\u00fa<\/span><span style=\"font-size:14pt\">ile dhom<\/span><span style=\"font-size:14pt\">, rud a chuir c\u00fal ar na srama\u00ed \u00fad a bh\u00ed<\/span><span style=\"font-size:14pt\"> dom\u2019 dhalladh<\/span><span style=\"font-size:14pt\">,<\/span><span style=\"font-size:14pt\"> le tamall<\/span><span style=\"font-size:14pt\"> de bhlianta anuas, n\u00f3<\/span><span style=\"font-size:14pt\"> tuigeadh domsa<\/span><span style=\"font-size:14pt\">, <\/span><span style=\"font-size:14pt\">go nuige seo, <\/span><span style=\"font-size:14pt\">nach raibh t\u00edr ar <\/span><span style=\"font-size:14pt\"> <\/span><span style=\"font-size:14pt\">domhan <\/span><span style=\"font-size:14pt\">inchurtha leis an dt\u00ed<\/span><span style=\"font-size:14pt\">r s\u2019againne<\/span><span style=\"font-size:14pt\">,<\/span><span style=\"font-size:14pt\"> ar a ionracas, ar a d\u00e1ir\u00ed<\/span><span style=\"font-size:14pt\">reacht,<\/span><span style=\"font-size:14pt\"> ar a tuiscint ar oilithreacht \u00e1lainn an daonna\u00ed tr\u00ed<\/span><span style=\"font-size:14pt\"> ghleann seo na ndeor, sea, agus ar<\/span><span style=\"font-size:14pt\"> a gr\u00e1<\/span><span style=\"font-size:14pt\"> do na h-eala\u00edona agus do<\/span><span style=\"font-size:14pt\">n<\/span><span style=\"font-size:14pt\"> litr\u00ed<\/span><span style=\"font-size:14pt\">ocht.<\/span><span style=\"font-size:14pt\"> <\/span><\/p><p style=\"text-align:justify;margin-top:0pt;padding-top:0;margin-bottom:10pt;padding-bottom:0;line-height:1.8\"><span style=\"font-size:14pt\">C\u00e9ard t\u00e1<\/span><span style=\"font-size:14pt\"> i gceist ag<\/span><span style=\"font-size:14pt\">am, an <\/span><span style=\"font-size:14pt\">ea?<\/span><\/p><p style=\"text-align:justify;margin-top:0pt;padding-top:0;margin-bottom:10pt;padding-bottom:0;line-height:1.8\"><span style=\"font-size:14pt\">Bhuel! t\u00e1 seo, go bhfuil m\u00e9<\/span><span style=\"font-size:14pt\"> ag ceapadh<\/span><span style=\"font-size:14pt\">, go raibh an dearcadh n\u00e1isi\u00fan<\/span><span style=\"font-size:14pt\">ta c\u00e9anna agam fh\u00e9in agus ag John<\/span><span style=\"font-size:14pt\"> feadh na mblianta, agus tuigtear dom freisin<\/span><span style=\"font-size:14pt\">, nach bhfuil a aire<\/span><span style=\"font-size:14pt\"> si\u00fad<\/span><span style=\"font-size:14pt\"> d\u00edrithe <\/span><span style=\"font-size:14pt\">go hioml\u00e1n <\/span><span style=\"font-size:14pt\">aige ar imeachta\u00ed an tsaoil seo, ach nuair a d\u00fairt s\u00e9<\/span><span style=\"font-size:14pt\"> amach go neam<\/span><span style=\"font-size:14pt\">hbhalbh<\/span><span style=\"font-size:14pt\">, go bhfacthas d\u00f3, go raibh an t\u00ed<\/span><span style=\"font-size:14pt\">r s\u2019againne truaillithe go smior<\/span><span style=\"font-size:14pt\">, agus go mbeadh s\u00e9 deacair<\/span><span style=\"font-size:14pt\"> gan<\/span><span style=\"font-size:14pt\"> cur leis an dearcadh c\u00e9<\/span><span style=\"font-size:14pt\">anna sin<\/span><span style=\"font-size:14pt\">, bh\u00ed orm a admh\u00e1il go raibh m\u00e1m maith den bhf\u00edrinne \u00e1 l\u00e9iri\u00fa aige don t\u00e9 a raibh s\u00fail<\/span><span style=\"font-size:14pt\"> amh\u00e1in, fi\u00fa,<\/span><span style=\"font-size:14pt\"> aige ar imeachta\u00ed na t\u00ed<\/span><span style=\"font-size:14pt\">re seo le tamall de bhlianta anuas. <\/span><span style=\"font-size:14pt\">Breathn<\/span><span style=\"font-size:14pt\">aigh mar a chuir John Waters fh\u00e9in \u00e9<\/span><span style=\"font-size:14pt\">,<\/span><span style=\"font-size:14pt\"> ina alt sa<\/span><span style=\"font-size:14pt\">n \u2018Irish<\/span><span style=\"font-size:14pt\"> Mail on Sunday<\/span><span style=\"font-size:14pt\">\u2019<\/span><span style=\"font-size:14pt\">&#8230;<\/span><\/p><p style=\"text-align:justify;margin-top:0pt;padding-top:0;margin-bottom:10pt;padding-bottom:0;line-height:1.8;margin-left:72pt\"><span style=\"font-size:14pt\">\u201cBut this week I\u2019ve had pause for thought<\/span><span style=\"font-size:14pt\">.  There\u2019s something deeply rotten in this country now and it\u2019s scarcely possible to <\/span><span style=\"font-size:14pt\">overstate it. The saga of the Central Remedial Clinic must surely have sickened every stomach in the land. It certainly sickened mine.\u201d<\/span><\/p><p style=\"text-align:center;margin-top:0pt;padding-top:0;margin-bottom:10pt;padding-bottom:0;line-height:1.8;margin-left:72pt\"><strong><span style=\"font-size:18pt\">Lag, lofa, l\u00fabach.<\/span><\/strong><\/p><p style=\"text-align:justify;margin-top:0pt;padding-top:0;margin-bottom:10pt;padding-bottom:0;line-height:1.8\"><span style=\"height:1em\"><span>.<\/span><\/span><\/p><p style=\"text-align:justify;margin-top:0pt;padding-top:0;margin-bottom:10pt;padding-bottom:0;line-height:1.8\"><span style=\"font-size:14pt\">B\u2019in an rud a bhain na srama\u00ed d\u00e1 sh\u00faile d\u00f3, ach nuair a bhreathnaigh s\u00e9<\/span><span style=\"font-size:14pt\"> thart air<\/span><span style=\"font-size:14pt\">, tuigeadh d\u00f3, go raibh na col\u00fa<\/span><span style=\"font-size:14pt\">na <\/span><span style=\"font-size:14pt\">teanna <\/span><span style=\"font-size:14pt\">\u00fa<\/span><span style=\"font-size:14pt\">d<\/span><span style=\"font-size:14pt\">,<\/span><span style=\"font-size:14pt\"> a raibh \u00e1<\/span><span style=\"font-size:14pt\">r bpob<\/span><span style=\"font-size:14pt\">al ag brath orthu, go raibh roinnt acu<\/span><span style=\"font-size:14pt\"> lag<\/span><span style=\"font-size:14pt\">,<\/span><span style=\"font-size:14pt\"> lofa, <\/span><span style=\"font-size:14pt\">l\u00fa<\/span><span style=\"font-size:14pt\">bach, <\/span><span style=\"font-size:14pt\">b\u00edodh go raibh c\u00faram na n-easl\u00e1<\/span><span style=\"font-size:14pt\">n glactha ag cuid acu<\/span><span style=\"font-size:14pt\"> mar dhualgas<\/span><span style=\"font-size:14pt\"> orthu fh\u00e9in<\/span><span style=\"font-size:14pt\">.<\/span><span style=\"font-size:14pt\"> \u00c9ist le John ar\u00ed<\/span><span style=\"font-size:14pt\">s<\/span><span style=\"font-size:14pt\">,<\/span><span style=\"font-size:14pt\"> tar eis do<\/span><span style=\"font-size:14pt\">n lofacht seo uilig a bheith tagtha aniar aduaidh air&#8230;<\/span><\/p><p style=\"text-align:justify;margin-top:0pt;padding-top:0;margin-bottom:10pt;padding-bottom:0;line-height:1.8;margin-left:108pt\"><span style=\"font-size:14pt\">\u201cThe rot, is seems, has no end. This past week has told us that we have no idea how deep it goes and no rea<\/span><span style=\"font-size:14pt\">son to be hopeful that it has a<\/span><span style=\"font-size:14pt\">ny limits at all.\u201d<\/span><\/p><p style=\"text-align:justify;margin-top:0pt;padding-top:0;margin-bottom:10pt;padding-bottom:0;line-height:1.8;margin-left:36pt;text-indent:-36pt\"><span style=\"font-size:14pt\">C\u00e9<\/span><span style=\"font-size:14pt\">a<\/span><span style=\"font-size:14pt\">rd a tharla in aon chor do na f\u00edseanna u<\/span><span style=\"font-size:14pt\">aisle \u00fad a spreag bunaitheoir\u00ed \u00e1<\/span><span style=\"font-size:14pt\">r<\/span><\/p><p style=\"text-align:justify;margin-top:0pt;padding-top:0;margin-bottom:10pt;padding-bottom:0;line-height:1.8;margin-left:36pt;text-indent:-36pt\"><span style=\"font-size:14pt\"> St\u00e1it, agus na f\u00edseanna a bh\u00ed, faoi mar a cheapamar, mar r\u00e9<\/span><span style=\"font-size:14pt\">alt eolais <\/span><span style=\"font-size:14pt\">ag chuile<\/span><\/p><p style=\"text-align:justify;margin-top:0pt;padding-top:0;margin-bottom:10pt;padding-bottom:0;line-height:1.8\"><span style=\"font-size:14pt\"> dhuine d\u00e1<\/span><span style=\"font-size:14pt\">r muintir<\/span><span style=\"font-size:14pt\"> agus muidinne ag f\u00e1s an\u00edos in \u00f3ige an St\u00e1it seo? Is \u00e9 mo thuairim fh\u00e9in go bhfuil said <\/span><span style=\"font-size:14pt\">folaithe <\/span><span style=\"font-size:14pt\">ansin<\/span><span style=\"font-size:14pt\"> i gcro\u00ed na cosmhuintire<\/span><span style=\"font-size:14pt\"> f\u00f3<\/span><span style=\"font-size:14pt\">s, ach iad a bheith maolaithe roinnt<\/span><span style=\"font-size:14pt\">, agus<\/span><span style=\"font-size:14pt\"> loinnir <\/span><span style=\"font-size:14pt\">na h\u00f3ige caillte acu.<\/span><\/p><p style=\"text-align:center;margin-top:0pt;padding-top:0;margin-bottom:10pt;padding-bottom:0;line-height:1.8\"><strong><span style=\"font-size:18pt\">Aingil ar thalamh<\/span><span style=\"font-size:18pt\">!<\/span><\/strong><\/p><p style=\"text-align:justify;margin-top:0pt;padding-top:0;margin-bottom:10pt;padding-bottom:0;line-height:1.8;margin-left:36pt;text-indent:-36pt\"><span style=\"font-size:14pt\">&nbsp;&nbsp;&nbsp;&nbsp;&nbsp;&nbsp;&nbsp;&nbsp;&nbsp;&nbsp;&nbsp;&nbsp;<\/span><span style=\"font-size:14pt\">Ba \u00e9 an dearmad ba mh\u00f3 a deineadh i dt\u00fas b\u00e1ire, n\u00f3 gur glacadh leis, go mba Aingil ar thalamh<\/span><span style=\"font-size:14pt\"> iad<\/span><span style=\"font-size:14pt\"> <\/span><span style=\"font-size:14pt\">\u2019<\/span><span style=\"font-size:14pt\">chuile dhuine d\u00e1r muintir, agus go nd\u00e9anfadh siad an rud cheart, chuile bhabhta, go h\u00e1irithe d\u00e1<\/span><span style=\"font-size:14pt\"> mbeadh dl\u00ed<\/span><span style=\"font-size:14pt\">the<\/span><span style=\"font-size:14pt\"> <\/span><span style=\"font-size:14pt\">ag feidhmi\u00fa mar r\u00e9<\/span><span style=\"font-size:14pt\">alt<\/span><span style=\"font-size:14pt\"> eolais d\u00f3<\/span><span style=\"font-size:14pt\">ibh.<\/span><span style=\"font-size:14pt\"> Bh\u00ed breall orainn sa mh\u00e9id sin \u00e1fach, n\u00f3 <\/span><span style=\"font-size:14pt\">is beag maitheas at\u00e1 sna dl\u00ed<\/span><span style=\"font-size:14pt\">the sin<\/span><span style=\"font-size:14pt\">,<\/span><span style=\"font-size:14pt\"> mura bhfuiltear<\/span><span style=\"font-size:14pt\"> s\u00e1sta f\u00e9<\/span><span style=\"font-size:14pt\">achaint chuig<\/span><span style=\"font-size:14pt\">e,<\/span><span style=\"font-size:14pt\"> go gcoimhl<\/span><span style=\"font-size:14pt\">\u00edontar iad. M\u00e1<\/span><span style=\"font-size:14pt\">s mar sin at\u00e1, agus is cos\u00fa<\/span><span style=\"font-size:14pt\">il g<\/span><span style=\"font-size:14pt\">urb ea, bha<\/span><span style=\"font-size:14pt\">il<\/span><span style=\"font-size:14pt\">! n\u00ed bheidh leiths<\/span><span style=\"font-size:14pt\">c<\/span><span style=\"font-size:14pt\">\u00e9<\/span><span style=\"font-size:14pt\">al<\/span><span style=\"font-size:14pt\"> ar bith againn feasta, Cuirimi<\/span><span style=\"font-size:14pt\">s chuige mar sin<\/span><span style=\"font-size:14pt\">, mar <\/span><span style=\"font-size:14pt\">phobal aontaithe, agus f\u00e9achaimi<\/span><span style=\"font-size:14pt\">s chuige<\/span><span style=\"font-size:14pt\">,<\/span><span style=\"font-size:14pt\"> go <\/span><span style=\"font-size:14pt\">gcuirfear na dl\u00edthe \u00fad i bhfeidhm, agus m\u00e1 dh\u00e9anann, n\u00ed bheidh caill ar bith ora<\/span><span style=\"font-size:14pt\">inn<\/span><span style=\"font-size:14pt\"> sna laethe at\u00e1 ro<\/span><span style=\"font-size:14pt\">mhainn amach. <\/span><\/p><p style=\"text-align:justify;margin-top:0pt;padding-top:0;margin-bottom:10pt;padding-bottom:0;line-height:1.8;margin-left:36pt;text-indent:-36pt\"><span style=\"height:1em\"><span>.<\/span><\/span><\/p>","protected":false},"excerpt":{"rendered":"<p>S\u00faile d\u00edshramtha! Peadar Bair\u00e9ad Tharla gur l\u00e9igh m\u00e9 p\u00edosa le John Waters in eagr\u00e1n an 15\u00fa Nollaig 2013 den \u2018Irish Mail on Sunday\u2019, agus caithfidh m\u00e9 a r\u00e1, gur bhain an p\u00edosa c\u00e9anna sin stangadh asam. Anois, b\u00edodh go l\u00e9im col\u00fan John minic go leor, agus b\u00edodh freisin, nach go r\u00f3-mhinic a aonta\u00edm go huile [&hellip;]<\/p>\n","protected":false},"author":2,"featured_media":13435,"comment_status":"open","ping_status":"open","sticky":false,"template":"","format":"standard","meta":{"nf_dc_page":"","_et_pb_use_builder":"","_et_pb_old_content":"","_et_gb_content_width":"","footnotes":""},"categories":[1],"tags":[],"class_list":["post-13307","post","type-post","status-publish","format-standard","has-post-thumbnail","hentry","category-gan-chatagoir"],"_links":{"self":[{"href":"https:\/\/mickgb.com\/ga\/wp-json\/wp\/v2\/posts\/13307","targetHints":{"allow":["GET"]}}],"collection":[{"href":"https:\/\/mickgb.com\/ga\/wp-json\/wp\/v2\/posts"}],"about":[{"href":"https:\/\/mickgb.com\/ga\/wp-json\/wp\/v2\/types\/post"}],"author":[{"embeddable":true,"href":"https:\/\/mickgb.com\/ga\/wp-json\/wp\/v2\/users\/2"}],"replies":[{"embeddable":true,"href":"https:\/\/mickgb.com\/ga\/wp-json\/wp\/v2\/comments?post=13307"}],"version-history":[{"count":1,"href":"https:\/\/mickgb.com\/ga\/wp-json\/wp\/v2\/posts\/13307\/revisions"}],"predecessor-version":[{"id":13308,"href":"https:\/\/mickgb.com\/ga\/wp-json\/wp\/v2\/posts\/13307\/revisions\/13308"}],"wp:featuredmedia":[{"embeddable":true,"href":"https:\/\/mickgb.com\/ga\/wp-json\/wp\/v2\/media\/13435"}],"wp:attachment":[{"href":"https:\/\/mickgb.com\/ga\/wp-json\/wp\/v2\/media?parent=13307"}],"wp:term":[{"taxonomy":"category","embeddable":true,"href":"https:\/\/mickgb.com\/ga\/wp-json\/wp\/v2\/categories?post=13307"},{"taxonomy":"post_tag","embeddable":true,"href":"https:\/\/mickgb.com\/ga\/wp-json\/wp\/v2\/tags?post=13307"}],"curies":[{"name":"wp","href":"https:\/\/api.w.org\/{rel}","templated":true}]}}