{"id":13335,"date":"2017-04-04T11:00:00","date_gmt":"2017-04-04T11:00:00","guid":{"rendered":"https:\/\/mickgb.com\/?p=13335"},"modified":"2024-04-08T01:06:37","modified_gmt":"2024-04-08T01:06:37","slug":"the-last-days-of-summer","status":"publish","type":"post","link":"https:\/\/mickgb.com\/ga\/the-last-days-of-summer\/","title":{"rendered":"THE  LAST  DAYS  OF  SUMMER"},"content":{"rendered":"<p style=\"text-align:center;margin-top:0pt;padding-top:0;margin-bottom:10pt;padding-bottom:0;line-height:1.38\"><strong><span style=\"font-size:28pt\">LAETHE DEIRIDH AN tSAMHRAIDH<\/span><\/strong><\/p><p style=\"text-align:center;margin-top:0pt;padding-top:0;margin-bottom:10pt;padding-bottom:0;line-height:1.38\"><span style=\"height:1em\"><span>.<\/span><\/span><\/p><p style=\"margin-top:0pt;padding-top:0;margin-bottom:10pt;padding-bottom:0;line-height:1.8\"><span style=\"font-size:14pt\">Peadar Bair\u00e9ad<\/span><\/p><p style=\"margin-top:0pt;padding-top:0;margin-bottom:10pt;padding-bottom:0;line-height:1.8\"><span style=\"height:1em\"><span>.<\/span><\/span><\/p><p style=\"margin-top:0pt;padding-top:0;margin-bottom:10pt;padding-bottom:0;line-height:1.8\"><strong><span style=\"font-size:16pt\">THE LAST DAYS OF SUMMER<\/span><span style=\"font-size:16pt\">.<\/span><span style=\"font-size:16pt\">&#8230;<\/span><span style=\"font-size:14pt\">C\u00e9adchl\u00f3<\/span><span style=\"font-size:16pt\">&#8230;.2016<\/span><\/strong><\/p><p style=\"margin-top:0pt;padding-top:0;margin-bottom:10pt;padding-bottom:0;line-height:1.8\"><span style=\"font-size:16pt\">by<\/span><\/p><p style=\"margin-top:0pt;padding-top:0;margin-bottom:10pt;padding-bottom:0;line-height:1.8\"><strong><span style=\"font-size:16pt\">VANESSA  RO<\/span><span style=\"font-size:16pt\">NAN&#8230;&#8230;&#8230;&#8230;&#8230;<\/span><span style=\"font-size:16pt\">&#8230;&#8230;&#8230;&#8230;&#8230;&#8230;&#8230;.\u00a312.99<\/span><\/strong><\/p><p style=\"text-align:center;margin-top:0pt;padding-top:0;margin-bottom:10pt;padding-bottom:0;line-height:1.8\"><span style=\"height:1em\"><span>.<\/span><\/span><\/p><p style=\"text-align:center;margin-top:0pt;padding-top:0;margin-bottom:10pt;padding-bottom:0;line-height:1.8\"><strong><span style=\"font-size:18pt\">An cr\u00fa ar an Tairne<\/span><\/strong><\/p><p style=\"text-align:justify;margin-top:0pt;padding-top:0;margin-bottom:10pt;padding-bottom:0;line-height:1.8\"><span style=\"font-size:14pt\">De <\/span><span style=\"font-size:14pt\">thimpiste a th\u00e1inig m\u00e9<\/span><span style=\"font-size:14pt\"> ar an leabhar seo<\/span><span style=\"font-size:14pt\">,<\/span><span style=\"font-size:14pt\"> a ch\u00e9aduair,<\/span><span style=\"font-size:14pt\"> c<\/span><span style=\"font-size:14pt\">ara liom a thug ar iasacht dom \u00e9, agus caithfidh m\u00e9 a admh\u00e1<\/span><span style=\"font-size:14pt\">il dhuit<\/span><span style=\"font-size:14pt\">, go mba sc\u00e9al ar d\u00f3igh a fuair m\u00e9 idir chl\u00fa<\/span><span style=\"font-size:14pt\">d<\/span><span style=\"font-size:14pt\">aigh ildaite an leabhair spreag\u00fail seo. Vanessa Ronan a scr\u00edobh, agus nuair a chuireann t\u00fa san \u00e1ireamh gurb \u00e9 seo a c\u00e9ad \u00farsc\u00e9<\/span><span style=\"font-size:14pt\">al, bheadh ort a<\/span><span style=\"font-size:14pt\"> dhearbh\u00fa<\/span><span style=\"font-size:14pt\"> go bhfuil an-mholadh tuillte aici. <\/span><span style=\"font-size:14pt\">I Houston Texa<\/span><span style=\"font-size:14pt\">s<\/span><span style=\"font-size:14pt\">,<\/span><span style=\"font-size:14pt\"> sna St\u00e1<\/span><span style=\"font-size:14pt\">it Aontaithe<\/span><span style=\"font-size:14pt\">,<\/span><span style=\"font-size:14pt\"> a rugadh Vanessa, ach d\u2019<\/span><span style=\"font-size:14pt\">fh\u00e9adf\u00e1 a r\u00e1<\/span><span style=\"font-size:14pt\"> go b<\/span><span style=\"font-size:14pt\">hfuil cuid mhaith den domhan cl\u00e1ir si\u00fa<\/span><span style=\"font-size:14pt\">lta aici<\/span><span style=\"font-size:14pt\"> cheana f\u00e9<\/span><span style=\"font-size:14pt\">in,<\/span><span style=\"font-size:14pt\"> agus \u00ed ag cur f\u00fa<\/span><span style=\"font-size:14pt\">ithi anois,<\/span><span style=\"font-size:14pt\"> lena c\u00e9ile fir, i gCathair \u00c1<\/span><span style=\"font-size:14pt\">tha Cliath. chaith<\/span><span style=\"font-size:14pt\"> s\u00ed<\/span><span style=\"font-size:14pt\"> seala<\/span><span style=\"font-size:14pt\">nna ag cleachtadh slite beatha \u00e9ags\u00fa<\/span><span style=\"font-size:14pt\">la<\/span><span style=\"font-size:14pt\">,<\/span><span style=\"font-size:14pt\"> seal ina rinnceoir, <\/span><span style=\"font-size:14pt\">seal mar chail\u00ed<\/span><span style=\"font-size:14pt\">n a\u2019 leanna, seal<\/span><span style=\"font-size:14pt\"> ina mac l\u00e9inn litir\u00edochta, agus anois ina scr\u00edbhneoir, ceird a d\u2019fhoghlaim s\u00ed \u00f3na tuismitheoir\u00ed<\/span><span style=\"font-size:14pt\">,<\/span><span style=\"font-size:14pt\"> beirt a raibh seanchlea<\/span><span style=\"font-size:14pt\">chtadh acu ar scil agus ar eala\u00edon na ceirde c\u00e9<\/span><span style=\"font-size:14pt\">anna sin<\/span><span style=\"font-size:14pt\">.<\/span><span style=\"font-size:14pt\"> <\/span><span style=\"font-size:14pt\">Ach le filleadh ar an sc\u00e9al fh\u00e9<\/span><span style=\"font-size:14pt\">in&#8230;.<\/span><\/p><p style=\"text-align:center;margin-top:0pt;padding-top:0;margin-bottom:10pt;padding-bottom:0;line-height:1.8\"><strong><span style=\"font-size:18pt\">Su\u00edomh,  agus Carachtair, an Sc\u00e9il fh\u00e9in<\/span><\/strong><\/p><p style=\"text-align:justify;margin-top:0pt;padding-top:0;margin-bottom:10pt;padding-bottom:0;line-height:1.8\"><span style=\"font-size:14pt\">Su\u00edonn an t-\u00fadar a sc\u00e9<\/span><span style=\"font-size:14pt\">al <\/span><span style=\"font-size:14pt\">i mbaile beag scoite, i St\u00e1t m\u00f3<\/span><span style=\"font-size:14pt\">r Texsas<\/span><span style=\"font-size:14pt\">, agus gan ach f\u00e1sach f\u00e9ir timpeall air. Is<\/span><span style=\"font-size:14pt\"> d\u00f3cha go bhf\u00e9adf\u00e1 a r\u00e1,<\/span><span style=\"font-size:14pt\"> gu<\/span><span style=\"font-size:14pt\">rb \u00e9 Jasper pr\u00edomhcharactar an sc\u00e9il seo, c\u00e9 go bhfuil p\u00e1irt nach beag a dheirfi\u00far, Lizzie, sa sc\u00e9al freisin, maraon lena hin\u00edonacha si\u00fad, Katie, at\u00e1 sna d\u00e9<\/span><span style=\"font-size:14pt\">aga<\/span><span style=\"font-size:14pt\">,<\/span><span style=\"font-size:14pt\"> <\/span><span style=\"font-size:14pt\">agus Joanne<\/span><span style=\"font-size:14pt\">, nach bhfuil ach aon bhliain d\u00e9<\/span><span style=\"font-size:14pt\">ag<\/span><span style=\"font-size:14pt\"> d\u2019aois, faoi am an sc\u00e9il. Rinne Jasper gn\u00edomh gr\u00e1<\/span><span style=\"font-size:14pt\">nna<\/span><span style=\"font-size:14pt\">, domhaite,<\/span><span style=\"font-size:14pt\"> blianta roimhe sin,<\/span><span style=\"font-size:14pt\"> agus g<\/span><span style=\"font-size:14pt\">earradh deich mbliana pr\u00edos\u00fantachta air d\u00e1<\/span><span style=\"font-size:14pt\"> bharr<\/span><span style=\"font-size:14pt\">,<\/span><span style=\"font-size:14pt\"> agus faoin am seo<\/span><span style=\"font-size:14pt\">, t\u00e1 s\u00e9 tar \u00e9<\/span><span style=\"font-size:14pt\">is<\/span><span style=\"font-size:14pt\"> na<\/span><span style=\"font-size:14pt\"> blianta sin a chaitheamh i bPr\u00edos\u00fan Huntsville. T\u00e1 a dheirfi\u00fa<\/span><span style=\"font-size:14pt\">r<\/span><span style=\"font-size:14pt\">,<\/span><span style=\"font-size:14pt\"> Lizzie<\/span><span style=\"font-size:14pt\">, s\u00e1sta \u00e9 a ghlacadh isteach ina teach f\u00e9in, \u00e1it a bhfuil c\u00f3na\u00ed anois uirthi lena beirt in\u00edon, n\u00f3 thr\u00e9<\/span><span style=\"font-size:14pt\">i<\/span><span style=\"font-size:14pt\">g a c\u00e9ile fir \u00ed<\/span><span style=\"font-size:14pt\"> <\/span><span style=\"font-size:14pt\">nuair a rinne Jasper an choir n\u00e1ireach \u00fa<\/span><span style=\"font-size:14pt\">d<\/span><span style=\"font-size:14pt\">.  <\/span><span style=\"font-size:14pt\">T\u00e1<\/span><span style=\"font-size:14pt\"> Lizzie ag<\/span><span style=\"font-size:14pt\"> s\u00fail go nglacfaidh an pobal \u00e1iti\u00fail le Jasper, ach tar \u00e9is d\u00f3<\/span><span style=\"font-size:14pt\">ibh cuairt a tha<\/span><span style=\"font-size:14pt\">bhairt ar an <\/span><span style=\"font-size:14pt\">s\u00e9ip\u00e9al \u00e1iti\u00fail, agus tar \u00e9is d\u00f3<\/span><span style=\"font-size:14pt\">ibh dul \u2018un cai<\/span><span style=\"font-size:14pt\">n<\/span><span style=\"font-size:14pt\">te leis an Urram<\/span><span style=\"font-size:14pt\">ach \u00e1iti\u00fa<\/span><span style=\"font-size:14pt\">il<\/span><span style=\"font-size:14pt\">, n\u00edor f\u00e1gadh in amhras a<\/span><span style=\"font-size:14pt\">r bith iad faoi dhear<\/span><span style=\"font-size:14pt\">cadh an phobail \u00e1iti\u00fa<\/span><span style=\"font-size:14pt\">il<\/span><span style=\"font-size:14pt\"> sin, s\u00e9<\/span><span style=\"font-size:14pt\"> sin<\/span><span style=\"font-size:14pt\">,<\/span><span style=\"font-size:14pt\"> go raibh siad glan in aghaidh glacadh le Jaspar mar bhall den bpobal sin<\/span><span style=\"font-size:14pt\">, feasta. <\/span><\/p><p style=\"text-align:center;margin-top:0pt;padding-top:0;margin-bottom:10pt;padding-bottom:0;line-height:1.8\"><strong><span style=\"font-size:18pt\">N\u00ed mhaithfear a choir do Jasper<\/span><\/strong><\/p><p style=\"text-align:justify;margin-top:0pt;padding-top:0;margin-bottom:10pt;padding-bottom:0;line-height:1.8\"><span style=\"font-size:14pt\">N\u00edorbh \u00e9 sin amh\u00e1in \u00e9, ach tugadh le fios d\u00f3<\/span><span style=\"font-size:14pt\">ibh<\/span><span style=\"font-size:14pt\">,<\/span><span style=\"font-size:14pt\"> ar bhealach neamhbhalbh<\/span><span style=\"font-size:14pt\">,<\/span><span style=\"font-size:14pt\"> nach raibh seans ar bith ann go n<\/span><span style=\"font-size:14pt\">-athr\u00f3<\/span><span style=\"font-size:14pt\">dh siad a bport<\/span><span style=\"font-size:14pt\">, am ar bith sa todhcha\u00ed<\/span><span style=\"font-size:14pt\">. Tugtar le tuiscint do mhuintir Jasper freisin<\/span><span style=\"font-size:14pt\">,<\/span><span style=\"font-size:14pt\"> nach raibh<\/span><span style=\"font-size:14pt\">, agus nach mbeadh,<\/span><span style=\"font-size:14pt\"> dearth\u00e1<\/span><span style=\"font-size:14pt\">ir<\/span><span style=\"font-size:14pt\">,<\/span><span style=\"font-size:14pt\"> n\u00f3<\/span><span style=\"font-size:14pt\"> muintir<\/span><span style=\"font-size:14pt\">, Rose,<\/span><span style=\"font-size:14pt\"> an chail\u00ed<\/span><span style=\"font-size:14pt\">n<\/span><span style=\"font-size:14pt\"> a g<\/span><span style=\"font-size:14pt\">h<\/span><span style=\"font-size:14pt\">ortaigh s\u00e9,<\/span><span style=\"font-size:14pt\"> deich mbliana roimhe sin, nach mbeadh siad toil<\/span><span style=\"font-size:14pt\">teanach a pheaca a mhaitheamh d\u00f3<\/span><span style=\"font-size:14pt\">. Tugann Lizzie bheith istigh d\u00f3<\/span><span style=\"font-size:14pt\">,<\/span><span style=\"font-size:14pt\"> n\u00f3 nach \u00e9<\/span><span style=\"font-size:14pt\"> a d<\/span><span style=\"font-size:14pt\">earth\u00e1ir fh\u00e9in \u00e9<\/span><span style=\"font-size:14pt\">, agus glacann Joanne leis freisin<\/span><span style=\"font-size:14pt\">,<\/span><span style=\"font-size:14pt\"> <\/span><span style=\"font-size:14pt\">agus \u00e9ir\u00ed<\/span><span style=\"font-size:14pt\">onn <\/span><span style=\"font-size:14pt\">an p\u00e9<\/span><span style=\"font-size:14pt\">ire sin<\/span><span style=\"font-size:14pt\"> m\u00f3r le ch\u00e9<\/span><span style=\"font-size:14pt\">ile<\/span><span style=\"font-size:14pt\">. Lu\u00ed<\/span><span style=\"font-size:14pt\">onn scamall tiubh<\/span><span style=\"font-size:14pt\">,<\/span><span style=\"font-size:14pt\"> dorcha<\/span><span style=\"font-size:14pt\">, os cionn an bhaile iarg\u00fa<\/span><span style=\"font-size:14pt\">lta, scoite, sin<\/span><span style=\"font-size:14pt\">, i St\u00e1t m\u00f3r Texas, agus t\u00e1 muintir na h\u00e1<\/span><span style=\"font-size:14pt\">ite sin<\/span><span style=\"font-size:14pt\">, agus an l\u00e9<\/span><span style=\"font-size:14pt\">itheoir freisin<\/span><span style=\"font-size:14pt\">,<\/span><span style=\"font-size:14pt\"> ag fan<\/span><span style=\"font-size:14pt\">acht go foighdeach go bhfeicfid\u00eds c\u00e9n chr\u00ed<\/span><span style=\"font-size:14pt\">och a <\/span><span style=\"font-size:14pt\">bheidh a<\/span><span style=\"font-size:14pt\">r an sc\u00e9al cr\u00e1<\/span><span style=\"font-size:14pt\">ite, teannasach, <\/span><span style=\"font-size:14pt\">seo<\/span><span style=\"font-size:14pt\">.<\/span><span style=\"font-size:14pt\"> Sea! ag<\/span><span style=\"font-size:14pt\">us caithfidh m\u00e9 a admh\u00e1<\/span><span style=\"font-size:14pt\">il<\/span><span style=\"font-size:14pt\">,<\/span><span style=\"font-size:14pt\"> nach<\/span><span style=\"font-size:14pt\"> <\/span><span style=\"font-size:14pt\">roghna\u00edonn an t-\u00fa<\/span><span style=\"font-size:14pt\">dar seo <\/span><span style=\"font-size:14pt\">cr\u00ed<\/span><span style=\"font-size:14pt\">och <\/span><span style=\"font-size:14pt\">gr\u00e1<\/span><span style=\"font-size:14pt\">mhar<\/span><span style=\"font-size:14pt\">, comharsan\u00fa<\/span><span style=\"font-size:14pt\">il, somhaiteach<\/span><span style=\"font-size:14pt\">,<\/span><span style=\"font-size:14pt\"> <\/span><span style=\"font-size:14pt\">a chur lena sc\u00e9<\/span><span style=\"font-size:14pt\">al, a mhala<\/span><span style=\"font-size:14pt\">irt ar fad a tharla\u00edonn, agus b\u00edodh go mbeife\u00e1 ag s\u00fail lena leith\u00e9id, ag an am gc\u00e9<\/span><span style=\"font-size:14pt\">anna, bheadh ort a a<\/span><span style=\"font-size:14pt\">dmh\u00e1il go r\u00e9it\u00edonn an chr\u00edoch sin le su\u00edomh, le stair, agus le t\u00f3<\/span><span style=\"font-size:14pt\">g<\/span><span style=\"font-size:14pt\">\u00e1<\/span><span style=\"font-size:14pt\">il<\/span><span style=\"font-size:14pt\"> an sc\u00e9<\/span><span style=\"font-size:14pt\">il, agus le <\/span><span style=\"font-size:14pt\">carachtar na bpearsan<\/span><span style=\"font-size:14pt\"> <\/span><span style=\"font-size:14pt\">sa sc\u00e9<\/span><span style=\"font-size:14pt\">al<\/span><span style=\"font-size:14pt\"> freisin. Tr\u00ed<\/span><span style=\"font-size:14pt\">d is t<\/span><span style=\"font-size:14pt\">r\u00edd, caithfidh m\u00e9 a admh\u00e1<\/span><span style=\"font-size:14pt\">il, tar<\/span><span style=\"font-size:14pt\"> \u00e9is chuile sh\u00f3rt a chur san \u00e1<\/span><span style=\"font-size:14pt\">ireamh<\/span><span style=\"font-size:14pt\">,<\/span><span style=\"font-size:14pt\"> go bhfuil <\/span><span style=\"font-size:14pt\">t\u00f3g\u00e1il, agus cur chuige an sc\u00e9<\/span><span style=\"font-size:14pt\">il<\/span><span style=\"font-size:14pt\">,<\/span><span style=\"font-size:14pt\"> thar mholadh beirte<\/span><span style=\"font-size:14pt\">, agus nuair a chuireann t\u00fa<\/span><span style=\"font-size:14pt\"> le sin<\/span><span style=\"font-size:14pt\">, an st\u00edl spreag\u00fa<\/span><span style=\"font-size:14pt\">il, taitneamhach,<\/span><span style=\"font-size:14pt\"> sp<\/span><span style=\"font-size:14pt\">\u00e9<\/span><span style=\"font-size:14pt\">isi<\/span><span style=\"font-size:14pt\">\u00fa<\/span><span style=\"font-size:14pt\">il, agus <\/span><span style=\"font-size:14pt\">an dra\u00ed<\/span><span style=\"font-size:14pt\">ocht dosheachanta<\/span><span style=\"font-size:14pt\"> a imr\u00edonn an t-\u00fa<\/span><span style=\"font-size:14pt\">dar orainn, agus nuair a thugann<\/span><span style=\"font-size:14pt\"> t\u00fa<\/span><span style=\"font-size:14pt\"> f<\/span><span style=\"font-size:14pt\">aoi deara gurb<\/span><span style=\"font-size:14pt\"> \u00e9 seo c\u00e9ad \u00farsc\u00e9al an \u00fa<\/span><span style=\"font-size:14pt\">dair seo,<\/span><span style=\"font-size:14pt\"> b\u00edonn ar dhuine a admh\u00e1<\/span><span style=\"font-size:14pt\">il<\/span><span style=\"font-size:14pt\">,<\/span><span style=\"font-size:14pt\"> gu<\/span><span style=\"font-size:14pt\">r \u00farsc\u00e9al ar d\u00f3igh at\u00e1 os \u00e1<\/span><span style=\"font-size:14pt\">r gcomhair am<\/span><span style=\"font-size:14pt\">ach anseo, agus gur maith is fi\u00fa don l\u00e9itheoir \u00e9 a l\u00e9<\/span><span style=\"font-size:14pt\">amh.<\/span><\/p><p style=\"text-align:justify;margin-top:0pt;padding-top:0;margin-bottom:10pt;padding-bottom:0;line-height:1.8\"><span style=\"font-size:14pt\">B\u2019<\/span><span style=\"font-size:14pt\">fh\u00e9<\/span><span style=\"font-size:14pt\">idir go mbeadh fonn ortsa an leabhar <\/span><span style=\"font-size:14pt\">seo a l\u00e9<\/span><span style=\"font-size:14pt\">amh, amach anseo? <\/span><span style=\"font-size:14pt\"> <\/span><\/p>","protected":false},"excerpt":{"rendered":"<p>LAETHE DEIRIDH AN tSAMHRAIDH . Peadar Bair\u00e9ad . THE LAST DAYS OF SUMMER.&#8230;C\u00e9adchl\u00f3&#8230;.2016 by VANESSA RONAN&#8230;&#8230;&#8230;&#8230;&#8230;&#8230;&#8230;&#8230;&#8230;&#8230;&#8230;&#8230;.\u00a312.99 . An cr\u00fa ar an Tairne De thimpiste a th\u00e1inig m\u00e9 ar an leabhar seo, a ch\u00e9aduair, cara liom a thug ar iasacht dom \u00e9, agus caithfidh m\u00e9 a admh\u00e1il dhuit, go mba sc\u00e9al ar d\u00f3igh a fuair m\u00e9 [&hellip;]<\/p>\n","protected":false},"author":2,"featured_media":13435,"comment_status":"open","ping_status":"open","sticky":false,"template":"","format":"standard","meta":{"nf_dc_page":"","_et_pb_use_builder":"","_et_pb_old_content":"","_et_gb_content_width":"","footnotes":""},"categories":[1],"tags":[],"class_list":["post-13335","post","type-post","status-publish","format-standard","has-post-thumbnail","hentry","category-gan-chatagoir"],"_links":{"self":[{"href":"https:\/\/mickgb.com\/ga\/wp-json\/wp\/v2\/posts\/13335","targetHints":{"allow":["GET"]}}],"collection":[{"href":"https:\/\/mickgb.com\/ga\/wp-json\/wp\/v2\/posts"}],"about":[{"href":"https:\/\/mickgb.com\/ga\/wp-json\/wp\/v2\/types\/post"}],"author":[{"embeddable":true,"href":"https:\/\/mickgb.com\/ga\/wp-json\/wp\/v2\/users\/2"}],"replies":[{"embeddable":true,"href":"https:\/\/mickgb.com\/ga\/wp-json\/wp\/v2\/comments?post=13335"}],"version-history":[{"count":1,"href":"https:\/\/mickgb.com\/ga\/wp-json\/wp\/v2\/posts\/13335\/revisions"}],"predecessor-version":[{"id":13336,"href":"https:\/\/mickgb.com\/ga\/wp-json\/wp\/v2\/posts\/13335\/revisions\/13336"}],"wp:featuredmedia":[{"embeddable":true,"href":"https:\/\/mickgb.com\/ga\/wp-json\/wp\/v2\/media\/13435"}],"wp:attachment":[{"href":"https:\/\/mickgb.com\/ga\/wp-json\/wp\/v2\/media?parent=13335"}],"wp:term":[{"taxonomy":"category","embeddable":true,"href":"https:\/\/mickgb.com\/ga\/wp-json\/wp\/v2\/categories?post=13335"},{"taxonomy":"post_tag","embeddable":true,"href":"https:\/\/mickgb.com\/ga\/wp-json\/wp\/v2\/tags?post=13335"}],"curies":[{"name":"wp","href":"https:\/\/api.w.org\/{rel}","templated":true}]}}