{"id":13383,"date":"2017-04-04T11:00:00","date_gmt":"2017-04-04T11:00:00","guid":{"rendered":"https:\/\/mickgb.com\/?p=13383"},"modified":"2024-04-08T01:24:35","modified_gmt":"2024-04-08T01:24:35","slug":"timire-an-chroi-naofa","status":"publish","type":"post","link":"https:\/\/mickgb.com\/ga\/timire-an-chroi-naofa\/","title":{"rendered":"Timire an Chroi Naofa."},"content":{"rendered":"<p style=\"text-align:center;margin-top:0pt;padding-top:0;margin-bottom:0pt;padding-bottom:0;line-height:1.8;font-size:12pt\"><strong><span style=\"font-size:28pt\">I    m B \u00e9 a l     a n     P h o b a i l .<\/span><\/strong><\/p><p style=\"margin-top:0pt;padding-top:0;margin-bottom:0pt;padding-bottom:0;line-height:1.8;font-size:12pt\"><span style=\"height:1em\"><span>.<\/span><\/span><\/p><p style=\"margin-top:0pt;padding-top:0;margin-bottom:0pt;padding-bottom:0;line-height:1.8;font-size:12pt\"><span style=\"font-size:14pt\">Peadar Bair\u00e9ad<\/span><\/p><p style=\"margin-top:0pt;padding-top:0;margin-bottom:0pt;padding-bottom:0;line-height:1.8;font-size:12pt;margin-left:72pt\"><span style=\"font-size:14pt\">(<\/span><strong><span style=\"font-size:14pt\"><em>This week I<\/em><\/span><span style=\"font-size:14pt\"><em> mBeal an Phobail  recalls <\/em><\/span><span style=\"font-size:14pt\"><em> memories of  a magazine  that has survived  the tides of time.) <\/em><\/span><\/strong><\/p><p style=\"text-align:center;margin-top:0pt;padding-top:0;margin-bottom:0pt;padding-bottom:0;line-height:1.8;font-size:12pt\"><strong><span style=\"font-size:18pt\">\u201c<\/span><span style=\"font-size:18pt\">An Timire<\/span><span style=\"font-size:18pt\">\u201d<\/span><span style=\"font-size:18pt\"> <\/span><\/strong><\/p><p style=\"text-align:justify;margin-top:0pt;padding-top:0;margin-bottom:0pt;padding-bottom:0;line-height:1.8;font-size:12pt\"><span style=\"font-size:14pt\">\u201cNach f\u00e1n<\/span><span style=\"font-size:14pt\">ach an \u00e1it ina bhfaighfe\u00e1 breac.<\/span><span style=\"font-size:14pt\">\u201d  B\u2019in an smaoineamh a rith liom, an l\u00e1 cheana, nuair a th\u00e1inig \u201cAn Timire\u201d<\/span><span style=\"font-size:14pt\">,<\/span><span style=\"font-size:14pt\"> <\/span><span style=\"font-size:14pt\">de thuairt, <\/span><span style=\"font-size:14pt\">isteach tr\u00ed pholl na litreach, i ndoras tosaigh an t\u00ed s\u2019againne.  Anois, mar is eol duit, is ionann \u201cTimire\u201d agus \u201cMessenger\u201d, agus ar an \u00e1bhar sin, ba ar an tseanMhessenger a thosaigh m\u00e9 fh\u00e9in ag smaoineamh, tr\u00e1th raibh m\u00e9 ag breathn\u00fa ar an leabhr\u00e1n <\/span><span style=\"font-size:14pt\">bre\u00e1, n\u00e9ata,<\/span><span style=\"font-size:14pt\">&nbsp;&nbsp;&nbsp;<\/span><span style=\"font-size:14pt\">nua sin, a th\u00e1inig ar chuairt chugam.<\/span><\/p><p style=\"text-align:justify;margin-top:0pt;padding-top:0;margin-bottom:0pt;padding-bottom:0;line-height:1.8;font-size:12pt\"><span style=\"font-size:14pt\">C\u00e9n Messenger<\/span><span style=\"font-size:14pt\"> at\u00e1 i gceist agam<\/span><span style=\"font-size:14pt\">, an ea?<\/span><\/p><p style=\"text-align:justify;margin-top:0pt;padding-top:0;margin-bottom:0pt;padding-bottom:0;line-height:1.8;font-size:12pt\"><span style=\"font-size:14pt\">Iris bheag a chuireadh<\/span><span style=\"font-size:14pt\">, agus a chuireann, na h\u00cdos\u00e1naigh i gcl\u00f3<\/span><span style=\"font-size:14pt\">.  C\u00farsa\u00ed creidimh a bh\u00edodh<\/span><span style=\"font-size:14pt\">,<\/span><span style=\"font-size:14pt\"> <\/span><span style=\"font-size:14pt\">agus a bh\u00edonn, <\/span><span style=\"font-size:14pt\">idir cham\u00e1in <\/span><span style=\"font-size:14pt\">acu <\/span><span style=\"font-size:14pt\">san Iris sin<\/span><span style=\"font-size:14pt\">.<\/span><span style=\"font-size:14pt\"> <\/span><span style=\"font-size:14pt\"> T\u00e1 f\u00e1il ar an Iris ch\u00e9anna sin<\/span><span style=\"font-size:14pt\"> f\u00f3s <\/span><span style=\"font-size:14pt\"> sa l\u00e1 at\u00e1 inniu fh\u00e9in ann.<\/span><\/p><p style=\"text-align:center;margin-top:0pt;padding-top:0;margin-bottom:0pt;padding-bottom:0;line-height:1.8;font-size:12pt\"><strong><span style=\"font-size:18pt\">The Messenger&#8230;..<\/span><\/strong><\/p><p style=\"text-align:justify;margin-top:0pt;padding-top:0;margin-bottom:0pt;padding-bottom:0;line-height:1.8;font-size:12pt\"><span style=\"font-size:14pt\">C\u00e9n chaoi ar chuir m\u00e9 fh\u00e9in aithne ar an Iris sin, a ch\u00e9aduair, an ea?<\/span><\/p><p style=\"text-align:justify;margin-top:0pt;padding-top:0;margin-bottom:0pt;padding-bottom:0;line-height:1.8;font-size:12pt\"><span style=\"font-size:14pt\">Bhuel, dh\u00e1ilt\u00ed chuile eagr\u00e1n de, ar Chaitlicigh, i ndiaidh an Aifrinn, im\u2019 phar\u00e1<\/span><span style=\"font-size:14pt\">iste<\/span><span style=\"font-size:14pt\"> thiar<\/span><span style=\"font-size:14pt\">, an tr\u00e1th \u00fad<\/span><span style=\"font-size:14pt\">,<\/span><span style=\"font-size:14pt\"> mar l\u00e9itheoireacht spiorad\u00e1lta, agus b\u2019earra \u00e9 sin, a bh\u00ed s\u00e1ch gann, ag an am sin, agus mar sin, ba mh\u00f3r an fh\u00e1ilte a chuirt\u00ed roimpi mar l\u00e9itheoireacht Domhnaigh, sular th\u00e1inig na Nuacht\u00e1in Domhnaigh ar an bhf\u00f3d<\/span><span style=\"font-size:14pt\"> thiar<\/span><span style=\"font-size:14pt\">, le sin<\/span><span style=\"font-size:14pt\">n a mhear\u00fa<\/span><span style=\"font-size:14pt\"> is a bhodhr\u00fa<\/span><span style=\"font-size:14pt\">, agus le b\u00e9ad\u00e1<\/span><span style=\"font-size:14pt\">n a leathadh<\/span><span style=\"font-size:14pt\">, Domhnach i ndiaidh <\/span><span style=\"font-size:14pt\"> <\/span><span style=\"font-size:14pt\">Domhnaigh.   <\/span><\/p><p style=\"text-align:justify;margin-top:0pt;padding-top:0;margin-bottom:0pt;padding-bottom:0;line-height:1.8;font-size:12pt\"><span style=\"font-size:14pt\">Bhuel,<\/span><span style=\"font-size:14pt\"> ar ball,<\/span><span style=\"font-size:14pt\"> is d\u00f3igh gur tuigeadh do na h\u00cdos\u00e1naigh go mba mhaith an smaoineamh \u00e9 \u201cMessenger\u201d i nGaeilge, a chur ar f\u00e1il do na pobail le Gaeilge<\/span><span style=\"font-size:14pt\"> <\/span><span style=\"font-size:14pt\">agus b\u2019in \u00e9 d\u00edreach a dhein siad, sa chaoi gurb<\/span><span style=\"font-size:14pt\">h<\/span><span style=\"font-size:14pt\"> \u00e9 an leagan Gaeilge sin, \u201cAn <\/span><span style=\"font-size:14pt\">Timire\u201d, a thagann ar chuairt chugamsa<\/span><span style=\"font-size:14pt\">,<\/span><span style=\"font-size:14pt\"> ceann in aghaidh na r\u00e1ithe, agus geallaimse dhuit \u00e9, go mb\u00edonn f\u00e1ilte ag<\/span><span style=\"font-size:14pt\">am fh\u00e9in roimhe, chuile bhabhta<\/span><span style=\"font-size:14pt\">. <\/span><span style=\"font-size:14pt\">Agus faoi mar a thar<\/span><span style=\"font-size:14pt\">la\u00edonn, chuile bhabhta, b\u00edonn<\/span><span style=\"font-size:14pt\"> saibhreas thar na bearta taobh istigh de chl\u00fadaigh na hIrise smaoint\u00ed seo<\/span><\/p><p style=\"text-align:center;margin-top:0pt;padding-top:0;margin-bottom:0pt;padding-bottom:0;line-height:1.8;font-size:12pt\"><strong><span style=\"font-size:18pt\">Eagr\u00e1n an Fh\u00f3mhair seo<\/span><\/strong><\/p><p style=\"text-align:justify;margin-top:0pt;padding-top:0;margin-bottom:0pt;padding-bottom:0;line-height:1.8;font-size:12pt\"><span style=\"font-size:14pt\">In eagr\u00e1n seo an Fh\u00f3mhair<\/span><span style=\"font-size:14pt\">, 2012, <\/span><span style=\"font-size:14pt\">t\u00e1 a l\u00e1n altanna s<\/span><span style=\"font-size:14pt\">preag\u00fala<\/span><span style=\"font-size:14pt\"> le l\u00e9amh<\/span><span style=\"font-size:14pt\">, freisin.  Molann an t-eagarth\u00f3<\/span><span style=\"font-size:14pt\">ir, Frainc Mac Br\u00e1daigh SJ d\u00fa<\/span><span style=\"font-size:14pt\">inn<\/span><span style=\"font-size:14pt\">,<\/span><span style=\"font-size:14pt\"> san eagarfhocal<\/span><span style=\"font-size:14pt\">,<\/span><span style=\"font-size:14pt\"> <\/span><span style=\"font-size:14pt\">\u2018<\/span><span style=\"font-size:14pt\">Tin<\/span><span style=\"font-size:14pt\">te\u00e1i<\/span><span style=\"font-size:14pt\">n<\/span><span style=\"font-size:14pt\">\u2019<\/span><span style=\"font-size:14pt\"> <\/span><span style=\"font-size:14pt\">a bhun\u00fa<\/span><span style=\"font-size:14pt\"> do lucht na Gaeilge<\/span><span style=\"font-size:14pt\">, le go bhf\u00e9adfaid\u00eds teacht le ch\u00e9ile in atmosf\u00e9ar Cr\u00edost\u00fa<\/span><span style=\"font-size:14pt\">il<\/span><span style=\"font-size:14pt\">, cairdi\u00fa<\/span><span style=\"font-size:14pt\">il<\/span><span style=\"font-size:14pt\">,<\/span><span style=\"font-size:14pt\"> carthannach<\/span><span style=\"font-size:14pt\">, le go bhf\u00e9adfadh Cr\u00edostaithe teacht <\/span><span style=\"font-size:14pt\">thart air<\/span><span style=\"font-size:14pt\">, agus le go bhf\u00e9adfaid\u00eds freisin, sc\u00e9<\/span><span style=\"font-size:14pt\">al a mbeatha a insint<\/span><span style=\"font-size:14pt\">, gan n\u00e1<\/span><span style=\"font-size:14pt\">ire<\/span><span style=\"font-size:14pt\">, gan ch\u00fa<\/span><span style=\"font-size:14pt\">thaileacht. Tuig<\/span><span style=\"font-size:14pt\">tear d\u00f3, gurb \u2018in cro\u00edl\u00e1r na Cr\u00edosta\u00ed<\/span><span style=\"font-size:14pt\">ochta<\/span><span style=\"font-size:14pt\">,<\/span><span style=\"font-size:14pt\"> <\/span><span style=\"font-size:14pt\">\u00e9 a bheith ar \u00e1r gcumas teacht le ch\u00e9ile mar Phobal D\u00e9,<\/span><span style=\"font-size:14pt\"> <\/span><span style=\"font-size:14pt\">i gcreideamh, i<\/span><span style=\"font-size:14pt\"> <\/span><span style=\"font-size:14pt\">gcairdeas, agus i ngr\u00e1. D\u2019fh\u00e9<\/span><span style=\"font-size:14pt\">adfadh duine<\/span><span style=\"font-size:14pt\"> tamall maith a chaitheamh ag d\u00e9<\/span><span style=\"font-size:14pt\">a<\/span><span style=\"font-size:14pt\">namh a mharana faoin dearcadh c\u00e9<\/span><span style=\"font-size:14pt\">anna sin.  <\/span><\/p><p style=\"text-align:justify;margin-top:0pt;padding-top:0;margin-bottom:0pt;padding-bottom:0;line-height:1.8;font-size:12pt\"><span style=\"font-size:14pt\">T\u00e1 alt ann freisin leis an tSi\u00far Eil\u00eds N\u00ed<\/span><span style=\"font-size:14pt\"> Thiarnaigh<\/span><span style=\"font-size:14pt\">,<\/span><span style=\"font-size:14pt\"> f<\/span><span style=\"font-size:14pt\">aoi Aifreann i nGaeilge a ceili\u00faradh mar chuid de cheili\u00faradh an Chaogad\u00fa Comhdh\u00e1<\/span><span style=\"font-size:14pt\">il Eochairiseach<\/span><span style=\"font-size:14pt\">. Aifreann a cheili\u00fair an tEaspag Breand\u00e1n \u00d3<\/span><span style=\"font-size:14pt\"> Ceallaigh, Easpag Achadh Chonaire, agus ba iad an Ca<\/span><span style=\"font-size:14pt\">irdin\u00e9al Se\u00e1n Mac Br\u00e1daigh, an Cairdin\u00e9<\/span><span style=\"font-size:14pt\">al K<\/span><span style=\"font-size:14pt\">eith O\u2019Brien, agus an tAthair P\u00e1draig \u00d3 Cochl\u00e1<\/span><span style=\"font-size:14pt\">in<\/span><span style=\"font-size:14pt\">, a chomhcheili\u00faraithe sa cheili\u00fa<\/span><span style=\"font-size:14pt\">r sin.<\/span><\/p><p style=\"text-align:justify;margin-top:0pt;padding-top:0;margin-bottom:0pt;padding-bottom:0;line-height:1.8;font-size:12pt\"><span style=\"font-size:14pt\"> Alt suimi\u00fa<\/span><span style=\"font-size:14pt\">il<\/span><span style=\"font-size:14pt\">, spreag\u00fa<\/span><span style=\"font-size:14pt\">il<\/span><span style=\"font-size:14pt\">,<\/span><span style=\"font-size:14pt\"> eile<\/span><span style=\"font-size:14pt\">, isea an p\u00edosa leis an Athair Oilibh\u00e9ar \u00d3 Croiligh faoi Chrosa M\u00f3ra na h\u00c9ireann, alt ina nd\u00e9<\/span><span style=\"font-size:14pt\">anann <\/span><span style=\"font-size:14pt\">s\u00e9 tr\u00e1<\/span><span style=\"font-size:14pt\">cht ar scil agus <\/span><span style=\"font-size:14pt\">eala\u00ed<\/span><span style=\"font-size:14pt\">on na <\/span><span style=\"font-size:14pt\">ndealbh<\/span><span style=\"font-size:14pt\">\u00f3ir\u00ed<\/span><span style=\"font-size:14pt\"> a rinne na dealbha<\/span><span style=\"font-size:14pt\"> <\/span><span style=\"font-size:14pt\">stairi\u00fala sin <\/span><span style=\"font-size:14pt\">a ghreanadh<\/span><span style=\"font-size:14pt\">,<\/span><span style=\"font-size:14pt\"> i bpain\u00e9il orn\u00e1ideacha<\/span><span style=\"font-size:14pt\">,<\/span><span style=\"font-size:14pt\"> fan stoic agus g\u00e9ag na gcros m\u00f3r<\/span><span style=\"font-size:14pt\"> sin<\/span><span style=\"font-size:14pt\">. N\u00e1rbh iad na dealbh\u00f3ir\u00ed c\u00e9anna sin a thuig a gceird go h\u00e1<\/span><span style=\"font-size:14pt\">lainn<\/span><span style=\"font-size:14pt\">,<\/span><span style=\"font-size:14pt\"> agus lena chois sin<\/span><span style=\"font-size:14pt\">, n\u00e1<\/span><span style=\"font-size:14pt\">rbh iontach an cumas a bh\u00ed<\/span><span style=\"font-size:14pt\"> iontu a dtuiscint ar a<\/span><span style=\"font-size:14pt\"> gcreideamh a ghreanadh ar chlo<\/span><span style=\"font-size:14pt\">ch. <\/span><\/p><p style=\"text-align:justify;margin-top:0pt;padding-top:0;margin-bottom:0pt;padding-bottom:0;line-height:1.8;font-size:12pt\"><span style=\"font-size:14pt\"> <\/span><span style=\"font-size:14pt\">M\u00e1s duine th\u00fa ar sp\u00e9is leis s\u00edolta a chreidimh a bheath\u00fa, agus p\u00edosa bre\u00e1 Gaeilge a l\u00e9amh ag an am gc\u00e9anna, b\u2019fh\u00e9idir n\u00e1rbh olc an tseift \u00ed, greim a fh\u00e1<\/span><span style=\"font-size:14pt\">il ar <\/span><span style=\"font-size:14pt\">\u2018<\/span><span style=\"font-size:14pt\">T<\/span><span style=\"font-size:14pt\">h<\/span><span style=\"font-size:14pt\">imire\u2019 an <\/span><span style=\"font-size:14pt\">Fh\u00f3mhair 2012. T\u00e1 m\u00e9<\/span><span style=\"font-size:14pt\"> ag ceapadh<\/span><span style=\"font-size:14pt\"> go mb<\/span><span style=\"font-size:14pt\">ainfidh t\u00fa<\/span><span style=\"font-size:14pt\"> idir thaitneamh agus <\/span><span style=\"font-size:14pt\">thairbhe as.<\/span><span style=\"font-size:14pt\">&nbsp;&nbsp;<\/span><\/p><p style=\"margin-top:0pt;padding-top:0;margin-bottom:0pt;padding-bottom:0;line-height:1.2;font-size:12pt\"><span style=\"font-size:14pt\"> <\/span><\/p><p style=\"margin-top:0pt;padding-top:0;margin-bottom:0pt;padding-bottom:0;line-height:1.2;font-size:12pt\"><span style=\"font-size:14pt\"> <\/span><\/p><p style=\"margin-top:0pt;padding-top:0;margin-bottom:0pt;padding-bottom:0;line-height:1.2;font-size:12pt\"><span style=\"font-size:14pt\"> <\/span><\/p>","protected":false},"excerpt":{"rendered":"<p>I m B \u00e9 a l a n P h o b a i l . . Peadar Bair\u00e9ad (This week I mBeal an Phobail recalls memories of a magazine that has survived the tides of time.) \u201cAn Timire\u201d \u201cNach f\u00e1nach an \u00e1it ina bhfaighfe\u00e1 breac.\u201d B\u2019in an smaoineamh a rith liom, an l\u00e1 cheana, [&hellip;]<\/p>\n","protected":false},"author":2,"featured_media":13435,"comment_status":"open","ping_status":"open","sticky":false,"template":"","format":"standard","meta":{"nf_dc_page":"","_et_pb_use_builder":"","_et_pb_old_content":"","_et_gb_content_width":"","footnotes":""},"categories":[1],"tags":[],"class_list":["post-13383","post","type-post","status-publish","format-standard","has-post-thumbnail","hentry","category-gan-chatagoir"],"_links":{"self":[{"href":"https:\/\/mickgb.com\/ga\/wp-json\/wp\/v2\/posts\/13383","targetHints":{"allow":["GET"]}}],"collection":[{"href":"https:\/\/mickgb.com\/ga\/wp-json\/wp\/v2\/posts"}],"about":[{"href":"https:\/\/mickgb.com\/ga\/wp-json\/wp\/v2\/types\/post"}],"author":[{"embeddable":true,"href":"https:\/\/mickgb.com\/ga\/wp-json\/wp\/v2\/users\/2"}],"replies":[{"embeddable":true,"href":"https:\/\/mickgb.com\/ga\/wp-json\/wp\/v2\/comments?post=13383"}],"version-history":[{"count":1,"href":"https:\/\/mickgb.com\/ga\/wp-json\/wp\/v2\/posts\/13383\/revisions"}],"predecessor-version":[{"id":13384,"href":"https:\/\/mickgb.com\/ga\/wp-json\/wp\/v2\/posts\/13383\/revisions\/13384"}],"wp:featuredmedia":[{"embeddable":true,"href":"https:\/\/mickgb.com\/ga\/wp-json\/wp\/v2\/media\/13435"}],"wp:attachment":[{"href":"https:\/\/mickgb.com\/ga\/wp-json\/wp\/v2\/media?parent=13383"}],"wp:term":[{"taxonomy":"category","embeddable":true,"href":"https:\/\/mickgb.com\/ga\/wp-json\/wp\/v2\/categories?post=13383"},{"taxonomy":"post_tag","embeddable":true,"href":"https:\/\/mickgb.com\/ga\/wp-json\/wp\/v2\/tags?post=13383"}],"curies":[{"name":"wp","href":"https:\/\/api.w.org\/{rel}","templated":true}]}}