{"id":13407,"date":"2017-04-04T11:00:00","date_gmt":"2017-04-04T11:00:00","guid":{"rendered":"https:\/\/mickgb.com\/?p=13407"},"modified":"2024-04-08T01:25:17","modified_gmt":"2024-04-08T01:25:17","slug":"uachtaran-tofa","status":"publish","type":"post","link":"https:\/\/mickgb.com\/ga\/uachtaran-tofa\/","title":{"rendered":"Uachtaran Tofa."},"content":{"rendered":"<p style=\"text-align:center;margin-top:0pt;padding-top:0;margin-bottom:0pt;padding-bottom:0;line-height:2.4;font-weight:bold;font-size:24pt\">I  mB\u00e9al  an  Phobail<\/p><p style=\"margin-top:0pt;padding-top:0;margin-bottom:0pt;padding-bottom:0;line-height:2.4;font-size:14pt\">Peadar Bair\u00e9ad<\/p><h1 style=\"text-align:center;margin-top:0pt;padding-top:0;margin-bottom:0pt;padding-bottom:0;line-height:2.4;font-weight:bold;font-size:18pt\"><em>(<\/em><span style=\"font-size:14pt\"><em>This week, S\u00e9im\u00ed a\u2019<\/em><\/span><span style=\"font-size:14pt\"><em> Droichid returns,  to defend his Election forecast, given two weeks ago.)<\/em><\/span><\/h1><h1 style=\"text-align:center;margin-top:0pt;padding-top:0;margin-bottom:0pt;padding-bottom:0;line-height:2.4;font-weight:bold;font-size:18pt\">Uachtar\u00e1n Tofa<\/h1><p style=\"text-align:justify;margin-top:0pt;padding-top:0;margin-bottom:0pt;padding-bottom:0;line-height:2.4;font-size:14pt\">\u201cBhuel, a Sh\u00e9im\u00ed, t\u00e1 an beart d\u00e9anta anois againn, mar phobal, agus t\u00e1 Uachtar\u00e1n tofa againn do th\u00edr seo na h\u00c9ireann, do thr\u00e9imhse seacht mbliana, ar a laghad. C\u00e9ard \u00e9 do mheas anois, i bhfianaise ar dh\u00fairt t\u00fa linn coic\u00edos \u00f3 shoin, faoin toghch\u00e1n fh\u00e9in, agus faoin toradh a bheadh air.\u201d<\/p><p style=\"text-align:justify;margin-top:0pt;padding-top:0;margin-bottom:0pt;padding-bottom:0;line-height:2.4\"><span style=\"font-size:14pt\">\u201cT\u00e1. Go raibh ioml\u00e1n an chirt agam, geall leis, faoi ch\u00farsa\u00ed, nuair a dheineamar an sc\u00e9al a ch\u00edoradh go mion, th\u00edos sa Smugairle R\u00f3in, an o\u00edche sin. S\u00edlim gur thug m\u00e9 le fios don n\u00e1isi\u00fan, an o\u00edche sin, gurbh \u00e9 mo thuairim, nach mbeadh m\u00f3r\u00e1n tr\u00e1chta ar na mn\u00e1 le linn an chomhairimh, agus lena chois sin, bh\u00ed le tuiscint uaim, nach n-\u00e9ireodh le Norris n\u00f3 le McGuinness, ach  oiread, agus d\u2019fh\u00e1g sin tri\u00far, agus thug m\u00e9 le fios, gurbh \u00e9 mo thuairim ag an bpointe sin, nach dtoghfa\u00ed an Mist\u00e9alach, agus d\u2019fh\u00e1g sin <\/span><span style=\"font-size:14pt\">nach mbeadh sa r\u00e1s ag deireadh thiar ach an bheirt, \u00d3 hUig\u00edn agus \u00d3 Gallchobhair, agus thug m\u00e9 le fios ansin, gurbh \u00e9 mo thuairim l\u00e1idir, go mbeadh rith an r\u00e1is sin ag \u00d3 Gallchobhair\u201d<\/span><\/p><p style=\"text-align:justify;margin-top:0pt;padding-top:0;margin-bottom:0pt;padding-bottom:0;line-height:2.4\"><span style=\"font-size:14pt\">\u201cAch, a Sh\u00e9im\u00ed, nach raibh seans ann freisin go dtoghfa\u00ed duine ar bith den seachtar ina uachtar\u00e1n, n\u00f3 thuig roinnt mhaith daoine go roinnf\u00ed an v\u00f3ta\u00ed, <\/span><span style=\"font-size:14pt\">r\u00e9as\u00fanta cothrom, thart ar an seachtar acu, agus ansin, go mbraithfeadh an toradh ar aistri\u00fa na v\u00f3ta\u00ed \u00f3 na daoine a gcuirf\u00ed as an \u00e1ireamh, toisc gur th\u00e1inig siad isteach ag bun an liosta. N\u00e1rbh \u2019in an f\u00e1th ar eagra\u00edodh an oireadh sin diosp\u00f3ireachta\u00ed idir  na hIarrth\u00f3ir\u00ed?\u201d<\/span><\/p><p style=\"text-align:justify;margin-top:0pt;padding-top:0;margin-bottom:0pt;padding-bottom:0;line-height:2.4\"><span style=\"font-size:14pt\">\u201cCinnte! N\u00ed fh\u00e1gfa\u00ed duine ar bith de na hIarrth\u00f3ir\u00ed ar an mbl\u00e1r fholaimh, n\u00f3 gheobhadh chuile dhuine acu smeadar v\u00f3ta\u00ed, \u00f3 chairde, \u00f3 ghaolta, agus \u00f3 dhaoine a d\u2019aont\u00f3dh lena dtuairim\u00ed, b\u00edodh siad sin ciallmhar, n\u00f3 craice\u00e1ilte, ach, m\u00e1 choi<\/span><span style=\"font-size:14pt\">nnigh t\u00fa s\u00fail amh\u00e1in, ar a laghad, ar na toghch\u00e1in bhraite, a eagra\u00edodh go rialta, roimh an toghch\u00e1n, bheadh tuairim eic\u00ednt agat faoi aigne na v\u00f3t\u00f3ir\u00ed.\u201d<\/span><\/p><h1 style=\"text-align:center;margin-top:0pt;padding-top:0;margin-bottom:0pt;padding-bottom:0;line-height:2.4;font-weight:bold;font-size:18pt\">Toghch\u00e1in bhraite<\/h1><p style=\"text-align:justify;margin-top:0pt;padding-top:0;margin-bottom:0pt;padding-bottom:0;line-height:2.4\"><span style=\"font-size:14pt\">\u201c Ach nach ndeirtear nach fi\u00fa tr\u00e1ithn\u00edn \u00e9, an tuairim a thugtar do lucht riartha na dtoghch\u00e1n br\u00e9ige sin?\u201d<\/span><\/p><p style=\"text-align:justify;margin-top:0pt;padding-top:0;margin-bottom:0pt;padding-bottom:0;line-height:2.4\"><span style=\"font-size:14pt\">\u201cD\u2019fh\u00e9adfadh an ceart a bheith agat sa mh\u00e9id sin, ach ag an am gc\u00e9anna, caithear na m\u00edlte, agus na m\u00edlte Euro ar na toghch\u00e9in ch\u00e9anna sin, agus n\u00ed h\u00e9 mo thuairim, go gcaithf\u00ed an oiread sin airgid, mura mbeadh fi\u00fantas agus iontaofacht eic\u00ednt ag baint le tortha\u00ed na dtoghch\u00e1n br\u00e9ige sin.\u201d<\/span><\/p><p style=\"text-align:justify;margin-top:0pt;padding-top:0;margin-bottom:0pt;padding-bottom:0;line-height:2.4\"><span style=\"font-size:14pt\">\u201cAch, a Sh\u00e9im\u00ed, n\u00e1rbh \u00e9 tuairim na dtoghch\u00e1n sin, i dtosach b\u00e1ire,  go mbeadh an bua ag Miche\u00e1l D. agus dealr\u00f3dh s\u00e9, go raibh m\u00f3ramh na ndaoine s\u00e1sta, an tr\u00e1th sin, v\u00f3t\u00e1il ar son an Uig\u00ednigh.\u201d<\/span><\/p><p style=\"text-align:justify;margin-top:0pt;padding-top:0;margin-bottom:0pt;padding-bottom:0;line-height:2.4\"><span style=\"font-size:14pt\">\u201cSea, ach de r\u00e9ir mar a chuaigh c\u00farsa\u00ed<\/span><span style=\"font-size:14pt\"> chun cinn, agus de r\u00e9ir mar a cuireadh tuairim\u00ed na nIarrth\u00f3ir\u00ed os comhair na ndaoine, tuigeadh do roinnt mhaith daoine, <\/span><span style=\"font-size:14pt\">go raibh \u00e1bhar uachtar\u00e1in den scoth os a gcomhair amach, sa Ghallchobhrach, agus cupla l\u00e1 roimh l\u00e1 an toghch\u00e1in, bh\u00ed m\u00f3ramh m\u00f3r na v\u00f3t\u00f3ir\u00ed braite den tuairim, go gcaithfid\u00eds a v\u00f3ta\u00ed ar a shon, sa chaoi, gur cheap bun\u00fas na me\u00e1n, agus daoine eolgaiseacha eile freisin, go mbeadh bua glan aige L\u00e1 an Toghch\u00e1in.\u201d<\/span><\/p><p style=\"text-align:justify;margin-top:0pt;padding-top:0;margin-bottom:0pt;padding-bottom:0;line-height:2.4\"><span style=\"font-size:14pt\">\u201cN\u00ed raibh an ceart acu \u00e1fach, a Sh\u00e9im\u00ed, n\u00f3 nuair a th\u00e1inig an cr\u00fa ar an tairne, ba<\/span><span style=\"font-size:14pt\"> \u00e9 Miche\u00e1l D. rogha na coitiantachta, agus ba air a bhronn siad a v\u00f3ta\u00ed.\u201d<\/span><\/p><h1 style=\"text-align:center;margin-top:0pt;padding-top:0;margin-bottom:0pt;padding-bottom:0;line-height:2.4;font-weight:bold;font-size:18pt\">An  \u201cTweet\u201d Cinni\u00fanach<\/h1><p style=\"text-align:justify;margin-top:0pt;padding-top:0;margin-bottom:0pt;padding-bottom:0;line-height:2.4\"><span style=\"font-size:14pt\">\u201cB\u2019in mar a tharla, ceart go leor, ach nach bhfuil a fhios ag madra\u00ed an bhaile anois go raibh c\u00fais eile ar fad leis an athr\u00fa poirt sin, ag an aon\u00fa huair d\u00e9ag. Nach bhfuil a fhios ag chuile dhuine anois, go raibh tionchar cinni\u00fanach ag an \u201cTweet\u201d \u00fad, a seoladh isteach chuig an \u201cFrontline\u201d le linn na diosp\u00f3ireachta deiridh teilif\u00edse. Agus anois, b\u00edodh gur chaith m\u00e9 fh\u00e9in mo v\u00f3ta ar son an Ghallchobhraigh, agus gur thuig m\u00e9 go dtoghfa\u00ed \u00e9 cinnte, ag an am gc\u00e9anna, t\u00e1 m\u00e9 cinnte, go bhfuil togha fir tofa againn <\/span><span style=\"font-size:14pt\">don uachtar\u00e1nacht, duine l\u00e9annta, duine scili\u00fail i gc\u00farsa\u00ed polait\u00edochta, duine a bhfuil sp\u00e9is agus dh\u00e1 sp\u00e9is aige sna heala\u00edona fr\u00ed ch\u00e9ile, agus cuir leis na buanna sin uilig gur Gaeilgeoir den scoth \u00e9, sea agus file freisin. Mar sin, n\u00edl locht ar bith le f\u00e1il agamsa ar \u00e1r nUachtar\u00e1n Tofa. Fad saoil aige, agus gura seacht fearr a bheas s\u00e9 seacht mbliana \u00f3 inniu. Ach sin uilig r\u00e1ite, admhaithe, dearbhaithe, agam, t\u00e1 m\u00e9 go l\u00e1idir den tuairim, gur baineadh tuisle gan choinne, as an bhfear eile. B\u2019fh\u00e9idir gurb <\/span><span style=\"font-size:14pt\">\u00e9 an toradh <\/span><span style=\"font-size:14pt\">c\u00e9anna a bheadh ar an r\u00e1s, ach, n\u00ed raibh m\u00e9 an oiread sin ar fad \u00f3n gceart san alt sin a scr\u00edobh m\u00e9 coic\u00edos \u00f3 shoin, nuair a dhearbhaigh m\u00e9 go mbeadh rith an r\u00e1is ag an nGallchobhrach. T\u00e1 m\u00e9 ag ceapadh freisin, go n-\u00e9ireoidh leis an nGallchobhrach, ar ball, a ch\u00e1s a mh\u00edni\u00fa don phobal, agus ansin go dtuigf\u00ed an chaoi ar imr\u00edodh cleas na m\u00e9arac\u00e1n air, i nDiosp\u00f3ireacht Teilif\u00edse, go gairid roimh L\u00e1 an Toghch\u00e1in, leis an \u201cTweet\u201d \u00fad, gan \u00fadar\u00e1s, a seoladh isteach go dt\u00ed an Cl\u00e1r, Frontline\u201d, agus ar ba<\/span><span style=\"font-size:14pt\">ineadh \u00fas\u00e1id as, mar r\u00e1iteas \u00fadar\u00e1sach. a bhf\u00e9adfa\u00ed cur leis, d\u00e1 mba gh\u00e1, ar ball.<\/span><\/p><p style=\"margin-top:0pt;padding-top:0;margin-bottom:0pt;padding-bottom:0;line-height:2.4\"><span style=\"font-size:14pt\">Leor sin do thuras na huaire seo.                                                                                                <\/span><\/p><p style=\"text-align:justify;margin-top:0pt;padding-top:0;margin-bottom:0pt;padding-bottom:0;line-height:2.4\"><span style=\"font-size:14pt\">An aont\u00f3f\u00e1 liom?    <\/span><\/p>","protected":false},"excerpt":{"rendered":"<p>I mB\u00e9al an Phobail Peadar Bair\u00e9ad (This week, S\u00e9im\u00ed a\u2019 Droichid returns, to defend his Election forecast, given two weeks ago.) Uachtar\u00e1n Tofa \u201cBhuel, a Sh\u00e9im\u00ed, t\u00e1 an beart d\u00e9anta anois againn, mar phobal, agus t\u00e1 Uachtar\u00e1n tofa againn do th\u00edr seo na h\u00c9ireann, do thr\u00e9imhse seacht mbliana, ar a laghad. C\u00e9ard \u00e9 do mheas [&hellip;]<\/p>\n","protected":false},"author":2,"featured_media":13435,"comment_status":"open","ping_status":"open","sticky":false,"template":"","format":"standard","meta":{"nf_dc_page":"","_et_pb_use_builder":"","_et_pb_old_content":"","_et_gb_content_width":"","footnotes":""},"categories":[1],"tags":[],"class_list":["post-13407","post","type-post","status-publish","format-standard","has-post-thumbnail","hentry","category-gan-chatagoir"],"_links":{"self":[{"href":"https:\/\/mickgb.com\/ga\/wp-json\/wp\/v2\/posts\/13407","targetHints":{"allow":["GET"]}}],"collection":[{"href":"https:\/\/mickgb.com\/ga\/wp-json\/wp\/v2\/posts"}],"about":[{"href":"https:\/\/mickgb.com\/ga\/wp-json\/wp\/v2\/types\/post"}],"author":[{"embeddable":true,"href":"https:\/\/mickgb.com\/ga\/wp-json\/wp\/v2\/users\/2"}],"replies":[{"embeddable":true,"href":"https:\/\/mickgb.com\/ga\/wp-json\/wp\/v2\/comments?post=13407"}],"version-history":[{"count":1,"href":"https:\/\/mickgb.com\/ga\/wp-json\/wp\/v2\/posts\/13407\/revisions"}],"predecessor-version":[{"id":13408,"href":"https:\/\/mickgb.com\/ga\/wp-json\/wp\/v2\/posts\/13407\/revisions\/13408"}],"wp:featuredmedia":[{"embeddable":true,"href":"https:\/\/mickgb.com\/ga\/wp-json\/wp\/v2\/media\/13435"}],"wp:attachment":[{"href":"https:\/\/mickgb.com\/ga\/wp-json\/wp\/v2\/media?parent=13407"}],"wp:term":[{"taxonomy":"category","embeddable":true,"href":"https:\/\/mickgb.com\/ga\/wp-json\/wp\/v2\/categories?post=13407"},{"taxonomy":"post_tag","embeddable":true,"href":"https:\/\/mickgb.com\/ga\/wp-json\/wp\/v2\/tags?post=13407"}],"curies":[{"name":"wp","href":"https:\/\/api.w.org\/{rel}","templated":true}]}}