{"id":14413,"date":"2026-01-21T00:07:42","date_gmt":"2026-01-21T00:07:42","guid":{"rendered":"https:\/\/mickgb.com\/?p=14413"},"modified":"2026-01-21T18:10:30","modified_gmt":"2026-01-21T18:10:30","slug":"litir-o-mheiricea-sceal-dochreidte-donna-hughes-brown","status":"publish","type":"post","link":"https:\/\/mickgb.com\/ga\/litir-o-mheiricea-sceal-dochreidte-donna-hughes-brown\/","title":{"rendered":"Litir \u00f3 Mheirice\u00e1 \u2013  Sc\u00e9al Dochreidte Donna Hughes-Brown"},"content":{"rendered":"<p>[et_pb_section fb_built=&#8221;1&#8243; _builder_version=&#8221;4.16&#8243; global_colors_info=&#8221;{}&#8221;][et_pb_row _builder_version=&#8221;4.18.0&#8243; background_size=&#8221;initial&#8221; background_position=&#8221;top_left&#8221; background_repeat=&#8221;repeat&#8221; global_colors_info=&#8221;{}&#8221;][et_pb_column type=&#8221;4_4&#8243; _builder_version=&#8221;4.16&#8243; custom_padding=&#8221;|||&#8221; global_colors_info=&#8221;{}&#8221; custom_padding__hover=&#8221;|||&#8221;][et_pb_audio audio=&#8221;https:\/\/mickgb.com\/wp-content\/uploads\/2025\/12\/Sceal-Dochreidte-Donna-Hughes-Brown.m4a&#8221; title=&#8221;Sc\u00e9al Dochreidte Donna Hughes-Brown&#8221; image_url=&#8221;https:\/\/mickgb.com\/wp-content\/uploads\/2025\/12\/pas.png&#8221; _builder_version=&#8221;4.18.0&#8243; _module_preset=&#8221;default&#8221; background_color=&#8221;#000000&#8243; global_colors_info=&#8221;{}&#8221;][\/et_pb_audio][et_pb_text _builder_version=&#8221;4.18.0&#8243; text_font=&#8221;Times New Roman||||||||&#8221; text_font_size=&#8221;28px&#8221; background_size=&#8221;initial&#8221; background_position=&#8221;top_left&#8221; background_repeat=&#8221;repeat&#8221; width=&#8221;73.2%&#8221; custom_padding=&#8221;18px||871px|||&#8221; inline_fonts=&#8221;Verdana,Arial&#8221; global_colors_info=&#8221;{}&#8221;]<\/p>\n<script type=\"text\/javascript\" >\r\nvar cab={\r\n\r\n\turlStart: \"https:\/\/www.teanglann.ie\",\r\n\r\n\tclickify: function ($n) {\r\n\t\tvar $=jQuery;\r\n\t\tif(!$n) $n=$(document);\r\n\t\tif(!$n.jquery) $n=$($n);\r\n\t\tfor(var y=0; y<$n.toArray().length; y++){\r\n\t\t\tvar n=$n.toArray()[y];\r\n\t\t\tthis.cleanTuairisc(n);\r\n\t\t\tfor(var i=0; i<n.childNodes.length; i++) {\r\n\t\t\t\tnode=n.childNodes[i];\r\n\t\t\t\tif(node.nodeType==1 && node.nodeName!=\"a\" && node.nodeName!=\"A\") {\r\n\t\t\t\t\tnosplit=$(node).hasClass(\"nosplit\");\r\n\t\t\t\t\tthis.clickify(node);\r\n\t\t\t\t}\r\n\t\t\t\telse if(node.nodeType==3 && $.trim(node.nodeValue)!=\"\") {\r\n\t\t\t\t\tvar replace=document.createElement(\"span\");\r\n\t\t\t\t\treplace.innerHTML=this.clickifyText(node.nodeValue);\r\n\t\t\t\t\tn.replaceChild(replace, node);\r\n\t\t\t\t}\r\n\t\t\t}\r\n\t\t}\r\n\t},\r\n\t\r\n\tclickifyText: function(str) {\r\n\t\tvar ret=\"\";\r\n\t\tvar buffer=\"\";\r\n\t\tfor(var i=0; i<str.length; i++) {\r\n\t\t\tvar c=str.charAt(i);\r\n\t\t\tif(\"a\u00e1bcde\u00e9fghi\u00edjklmno\u00f3pqrstu\u00favwxyzA\u00c1BCDE\u00c9FGHI\u00cdJKLMNO\u00d3PQRSTU\u00daVWXYZ'\u2019-\".indexOf(c)>-1) {\r\n\t\t\t\tbuffer+=c;\r\n\t\t\t} else {\r\n\t\t\t\tif(buffer!=\"\") { ret+=this.text2click(buffer); buffer=\"\"; }\r\n\t\t\t\tret+=c;\r\n\t\t\t}\r\n\t\t}\r\n\t\tif(buffer!=\"\") { ret+=this.text2click(buffer); buffer=\"\"; }\r\n\t\treturn ret;\r\n\t},\r\n\t\r\n\ttext2click: function(str) {\r\n\t\tvar s=\"<span\";\r\n\t\ts+=\" style=\\\"cursor: pointer\\\"\";\r\n\t\ts+=\" onmouseover=\\\"this.style.color='#993300'; this.style.textDecoration='underline'\\\"\";\r\n\t\ts+=\" onmouseout=\\\"this.style.color=''; this.style.textDecoration=''\\\"\";\r\n\t\ts+=\" onclick=\\\"cab.lexclick(this)\\\"\";\r\n\t\ts+=\">\"\r\n\t\ts+=str;\r\n\t\ts+=\"<\/span>\";\r\n\t\treturn s;\r\n\t},\r\n\t\r\n\tcleanTuairisc: function(n){\r\n\t\tvar $=jQuery;\r\n\r\n\t\t\/\/remove Tuairisc.ie <span class=\"s1\"> etc:\r\n\t\t$(n).children(\"span.s2\").each(function(){ $(this).replaceWith(this.innerHTML); })\r\n\t\t$(n).children(\"span.s1\").each(function(){ $(this).replaceWith(this.innerHTML); })\r\n\t\t\r\n\t\t\/\/merge text nodes:\r\n\t\tvar prevNode;\r\n\t\tfor(var i=0; i<n.childNodes.length; i++) {\r\n\t\t\tvar node=n.childNodes[i];\r\n\t\t\tif(node.nodeType==3 && prevNode && prevNode.nodeType==3){\r\n\t\t\t\tprevNode.nodeValue+=node.nodeValue;\r\n\t\t\t\tnode.nodeValue=\"\";\r\n\t\t\t} else {\r\n\t\t\t\tprevNode=node;\r\n\t\t\t}\r\n\t\t}\r\n\t},\r\n\t\r\n\tlexclickOrigin: 0,\r\n\t\r\n\tlexclick: function(a){\r\n\t\tvar $=jQuery;\r\n\t\tvar str=a.innerText;\r\n\t\tclean=str.replace(\/^\\s*\/, \"\").replace(\/\\s*$\/, \"\");\r\n\t\tvar url=cab.urlStart+\"\/ga\/?s=\"+encodeURIComponent(clean)+\"&quickie=true\";\r\n\t\t$(\"body\").off(\"click\", cab.lexclickOff);\r\n\t\tif($(\"body\").width()>450) {\r\n\t\t\t$(\"#lexclick\").remove();\r\n\t\t\tvar $a=$(a);\r\n\t\t\t{\r\n\t\t\t\tvar leftOffset=$a.offset().left;\r\n\t\t\t\tvar className=\"\";\r\n\t\t\t}\r\n\t\t\tif(leftOffset>$(\"body\").width()\/2) {\r\n\t\t\t\tleftOffset=leftOffset-280;\r\n\t\t\t\tvar className=\"rightAnchored\";\r\n\t\t\t}\r\n\t\t\t\r\n\t\t\tvar css=\"position: absolute; z-index: 100; width: 300px; height: 370px; background-color: #dddddd; border: 1px solid #333333; padding: 5px; box-shadow: 0px 0px 5px #999999; border-radius: 2px; line-height: 1.5em;\";\r\n\t\t\tvar cssArrow=\"position: absolute; top: -9px; left: 10px; width: 15px; height: 9px; background-image: url(\\\"\"+cab.urlStart+\"\/cab\/lexclick-callout.gif\\\"); z-index: 101;\";\r\n\t\t\tif(className==\"rightAnchored\") cssArrow+=\" left: auto; right: 10px;\"\r\n\t\t\t\r\n\t\t\t$(\"<div id='lexclick' class='\"+className+\"' style='\"+css+\"; line-height: 1em;' onclick='cab.lexclickOrigin=123'><div class='arrow' style='\"+cssArrow+\"'><\/div><iframe name='lexclickFrame' style='width: 298px; height: 348px; border: 1px inset #333333;' src='\"+url+\"' frameborder='0'><\/iframe><div style='font-family: sans-serif; font-size: 12px; text-align: left; margin-top: 3px;'><a href='\"+url+\"' target='_blank' style='color: #336699; text-decoration: none; position: relative; top: -3px; text-shadow: 1px 1px 0px #eeeeee;' onmouseover='this.style.color=\\\"#4477aa\\\"' onmouseout='this.style.color=\\\"#336699\\\"'><img src='\"+cab.urlStart+\"\/cab\/application.png' width='16' height='16' style='position: relative; top: 3px; margin-right: 2px; margin-left: 2px;'\/> www.teanglann.ie \u00bb<\/a><\/div><\/div>\").appendTo(\"body\").offset({top: $a.offset().top+$a.height()+10, left: leftOffset});\r\n\t\t\tcab.lexclickOrigin=123;\r\n\t\t\t$(\"body\").on(\"click\", cab.lexclickOff);\r\n\t\t} else {\r\n\t\t\twindow.open(url);\r\n\t\t}\r\n\t},\r\n\r\n\tlexclickOff: function(){\r\n\t\tvar $=jQuery;\r\n\t\tif(cab.lexclickOrigin==0) {\r\n\t\t\t$(\"#lexclick\").remove();\r\n\t\t\t$(\"body\").off(\"click\", cab.lexclickOff);\r\n\t\t}\r\n\t\tcab.lexclickOrigin=0;\r\n\t},\r\n\t\r\n};\r\n\t\t\t<\/script>\r\n\r\n<script type=\"text\/javascript\">jQuery(document).ready(function(){ cab.clickify(); });<\/script>\n<p>Scaoileadh Donna Hughes-Brown saor \u00f3 Ionad Coinne\u00e1la Chontae Campbell i Kentucky, na c\u00e9adta m\u00edle \u00f3na teaghlach i Missouri, tar \u00e9is di c\u00faig mh\u00ed a chaitheamh faoi ghlas. A coir? Dh\u00e1 sheic dhona (arbh fhi\u00fa $80 iad in ioml\u00e1n) a scr\u00edobh s\u00ed ag siopa gr\u00f3saera breis agus deich mbliana \u00f3 shin agus a ndearna s\u00ed ais\u00edoc orthu cheana f\u00e9in.<\/p>\n<p>Is c\u00fais mh\u00f3r faoisimh \u00e9 go bhfuil an tseanmh\u00e1thair \u00c9ireannach seo saor anois, tar \u00e9is di a bheith gafa i gcont\u00fairt na gn\u00edomha\u00edochta imirce at\u00e1 ar si\u00fal i St\u00e1it Aontaithe Mheirice\u00e1 (SAM) faoi l\u00e1thair. Deir a fear c\u00e9ile, Jim Brown, gur chuir an polasa\u00ed &#8220;isteach go hioml\u00e1n&#8221; ar a dteaghlach agus go l\u00e9ir\u00edonn s\u00e9 cru\u00e1lacht rialtas SAM go soil\u00e9ir.<\/p>\n<p><strong>Fadhb gan choinne i Chicago<\/strong><\/p>\n<p>Thosaigh an tromlu\u00ed i m\u00ed I\u00fail 2025. Bh\u00ed Donna agus a fear c\u00e9ile Jim Brown tar \u00e9is taisteal go h\u00c9irinn chun freastal ar shochraid aint\u00edn Donna. Turas rialta a bh\u00ed ann do Donna, a rugadh i Sasana do thuismitheoir\u00ed \u00c9ireannacha i 1966 agus a bhog go dt\u00ed na St\u00e1it Aontaithe i 1977 ag aois 11.<\/p>\n<p>In ainneoin C\u00e1rta Glas a bheith aici le beagnach leathch\u00e9ad bliain agus a bheith tar \u00e9is taisteal go hidirn\u00e1isi\u00fanta go minic gan aon fhadhb, bh\u00ed an uair seo difri\u00fail. De r\u00e9ir Jim, n\u00ed raibh fadhb ar bith ag Donna ag R\u00e9amh-imr\u00e9iteach Custaim SAM i mBaile \u00c1tha Cliath. Mar sin f\u00e9in, nuair a thuirling s\u00ed ag Aerfort Idirn\u00e1isi\u00fanta O&#8217;Hare i Chicago, scaradh an l\u00e1n\u00fain.<\/p>\n<p>&#8220;Tugadh cead iontr\u00e1la di i mBaile \u00c1tha Cliath agus gabhadh \u00ed mar sin f\u00e9in,&#8221; a d\u00fairt Jim Brown le d\u00e9ana\u00ed. D\u00faradh leis nach raibh de dh\u00edth ar a bhean ch\u00e9ile ach roinnt c\u00e1ip\u00e9is\u00ed a sh\u00edni\u00fa. Ina \u00e1it sin, cuireadh iall l\u00e1imhe uirthi, choinnigh Forfheidhmi\u00fa Inimirce agus Custaim (ICE) \u00ed, agus cuireadh i bpr\u00edos\u00fan i Kentucky \u00ed.<\/p>\n<p>Sh\u00ednigh Trump an &#8220;One Big Beautiful Bill Act&#8221; ar 4 I\u00fail, 2025. Mar ph\u00e1irt den bhille sin, leasa\u00edodh reachta\u00edocht an Achta Imirce agus N\u00e1isi\u00fantachta, ag r\u00e1 gur f\u00e9idir leis an rialtas daoine (nach saor\u00e1naigh iad) a ghabh\u00e1il ar sh\u00e1raigh aon dl\u00ed le fiche bliain anuas. Th\u00e1inig an dl\u00ed i bhfeidhm ar 24 I\u00fail, nuair a bh\u00ed Donna agus Jim in \u00c9irinn cheana f\u00e9in.<\/p>\n<p><strong>&#8220;Coireanna Suarachais Mhor\u00e1lta&#8221;<\/strong><\/p>\n<p>Idir 2012 agus 2015, ba mh\u00e1thair shingil \u00ed Donna a bh\u00ed ag streachailt agus ag tabhairt aghaidh ar gh\u00e9arch\u00e9im airgeadais thromch\u00faiseach. Scr\u00edobh s\u00ed dh\u00e1 sheic dhona ag siopa gr\u00f3saera \u00e1iti\u00fail.<\/p>\n<p>&#8220;Ba le haghaidh n\u00edos l\u00fa n\u00e1 $80 iad le ch\u00e9ile,&#8221; a mh\u00ednigh Jim Brown i bhfianaise a thug s\u00e9 ag \u00e9isteacht Comhdh\u00e1la. &#8220;C\u00fais\u00edodh \u00ed as m\u00ed-iompar, d&#8217;\u00edoc s\u00ed an c\u00faiteamh, agus chr\u00edochnaigh s\u00ed bliain amh\u00e1in promhaidh. Tharla s\u00e9 sin deich mbliana \u00f3 shin.&#8221; Faoin l\u00e9iri\u00fa nua ar an dl\u00ed imirce, t\u00e1 na m\u00ed-iompra\u00edochta\u00ed seo \u00e1 n-aicmi\u00fa anois mar &#8220;choireanna suarachais mhor\u00e1lta.&#8221; Is f\u00e9idir leis an rialtas ceart c\u00f3naithe Donna a bhaint di agus \u00ed a dh\u00edbirt \u00f3 SAM ar an mbonn sin.<\/p>\n<p><strong>Feachtas T\u00e1bhachtach<\/strong><\/p>\n<p>T\u00e1 Jim i mbun feachtais le m\u00edonna anuas ar son a mhn\u00e1 c\u00e9ile. Admha\u00edonn s\u00e9 gur v\u00f3t\u00e1il s\u00e9 ar son Donald Trump, mar chreid s\u00e9 gealltanais Trump go ngabhfa\u00ed inimircigh a bh\u00ed ina gcoirpigh fhor\u00e9igneacha, agus go nd\u00edbreofa\u00ed iad \u00f3n t\u00edr. Ach creideann s\u00e9 anois go bhfuil an rialtas ag d\u00edri\u00fa ar dhaoine cos\u00fail lena bhean ch\u00e9ile chun cu\u00f3ta\u00ed d\u00edbeartha a bhaint amach.<\/p>\n<p>&#8220;F\u00e9ach ar an nuacht, agus n\u00edl an rialtas ag insint na f\u00edrinne faoi cad at\u00e1 ag tarraging do go leor inimirceach dl\u00edthi\u00fail,&#8221; a d\u00fairt Jim. &#8220;Is \u00e9 an rud is measa n\u00e1 go bhfuil Trump chomh d\u00edmheas\u00fail do dhaoine, chomh ceannairceach agus chomh frithbheartach go bhfuil eagla ar dhaoine aon rud a r\u00e1.&#8221;<\/p>\n<p><strong>Aighneas i Washington<\/strong><\/p>\n<p>Bhain an c\u00e1s buaicphointe amach i Washington, D.C., le linn \u00e9isteachta ar &#8220;Worldwide Threats to the Homeland.&#8221; Sheas Jim Brown san \u00e1il\u00e9ar agus chuir ionadaithe Daonlathacha br\u00fa l\u00e1idir ar Kristi Noem, R\u00fana\u00ed DHS agus comhghuaill\u00ed de chuid Trump, maidir le m\u00edmhor\u00e1ltacht Donna a bheith faoi choinne\u00e1il gan triail.<\/p>\n<p>Chuir an tIonada\u00ed \u00f3 Rhode Island, Seth Magaziner, iallach ar Noem aghaidh a thabhairt ar an gcostas daonna a bhaineann le beartais a ranna. &#8220;Is iarshaighdi\u00fair cogaidh de chuid an Chabhlaigh \u00e9, a rinne seirbh\u00eds d\u00e1r dt\u00edr i gCogadh na Murascaille,&#8221; a d\u00fairt Magaziner, ag tagairt do Jim. &#8220;T\u00e1 s\u00e9 p\u00f3sta le bean darb ainm Donna a th\u00e1inig go dt\u00ed \u00e1r dt\u00edr go dl\u00edthi\u00fail nuair a bh\u00ed s\u00ed 11 bhliain d&#8217;aois&#8230; Mar gheall ortsa, t\u00e1 Donna i bpr\u00edos\u00fan le ceithre mh\u00ed anuas.&#8221;<\/p>\n<p>Nuair a rinne Noem iarracht an cheist a sheachaint, ag r\u00e1 nach raibh s\u00ed freagrach as c\u00e9n dl\u00edthe ba ch\u00f3ir a fhorfheidhmi\u00fa, bhr\u00faigh Magaziner ar ais, ag tabhairt faoi deara a l\u00e1nrogha leathan mar R\u00fana\u00ed par\u00fal a eisi\u00faint. Faoi sh\u00fail an choiste agus faoi sh\u00fail an fhir ch\u00e9ile at\u00e1 tr\u00edna ch\u00e9ile, gh\u00e9ill Noem sa deireadh: &#8220;D\u00e9anfaidh m\u00e9 athbhreithni\u00fa ar an gc\u00e1s.&#8221;<\/p>\n<p><strong>Patr\u00fan d\u00edrithe<\/strong><\/p>\n<p>N\u00ed eachtra aonair \u00e9 an cruach\u00e1s at\u00e1 ag Donna. T\u00e1 cos\u00falachta\u00ed suntasacha idir a c\u00e1s agus c\u00e1s \u00c9ireannaigh eile &#8211; Cliona Ward. C\u00e9 go bhfuil C\u00e1rta Glas aici, gabhadh Ward ag Aerfort Idirn\u00e1isi\u00fanta San Francisco i m\u00ed Aibre\u00e1in 2025 tar \u00e9is cuairte ar \u00c9irinn, mar gheall ar mhionchoireanna freisin a th\u00e9ann siar beagnach 20 bliain. C\u00e9 gur scaoileadh Ward saor faoi dheireadh i m\u00ed na Bealtaine, thug a coinne\u00e1il le fios go raibh t\u00fas \u00e1 chur leis an strait\u00e9is nua fhorfheidhmithe ionsaitheach seo.<\/p>\n<p><strong>Teacht Abhaile don Nollaig<\/strong><\/p>\n<p>Th\u00e1inig deireadh sona leis an sc\u00e9al ag an \u00e9isteacht ch\u00fairte r\u00edth\u00e1bhachtach ar an 18 Nollaig. In ainneoin na n-eagla go gcuirf\u00ed moill eile air, scaoileadh Donna saor \u00f3 choime\u00e1d ICE.<\/p>\n<p>Roimhe sin, d\u00fairt Jim: &#8220;Taispe\u00e1in dom c\u00e1 bhfuil s\u00e9 scr\u00edofa sa Bh\u00edobla go bhfuil s\u00e9 ceart rud mar seo a dh\u00e9anamh. T\u00e1 s\u00e9 m\u00edcheart, l\u00e1nstad!&#8221; Anois, tar \u00e9is c\u00faig mh\u00ed de chruatan agus \u00e9iginnteacht, beidh Donna in ann an Nollaig a cheili\u00faradh sa bhaile lena muintir i Missouri.<\/p>\n<p>&#8220;T\u00e1 s\u00ed c\u00e9ad faoin gc\u00e9ad neamhchiontach. T\u00e1 s\u00ed sa t\u00edr seo go dleathach,&#8221; a d\u00fairt Jim. Anois, faoi dheireadh, t\u00e1 an ceart bainte amach acu.<\/p>\n<p>[\/et_pb_text][\/et_pb_column][\/et_pb_row][\/et_pb_section]<\/p>\n","protected":false},"excerpt":{"rendered":"<p><script type=\"text\/javascript\" >\r\nvar cab={\r\n\r\n\turlStart: \"https:\/\/www.teanglann.ie\",\r\n\r\n\tclickify: function ($n) {\r\n\t\tvar $=jQuery;\r\n\t\tif(!$n) $n=$(document);\r\n\t\tif(!$n.jquery) $n=$($n);\r\n\t\tfor(var y=0; y<$n.toArray().length; y++){\r\n\t\t\tvar n=$n.toArray()[y];\r\n\t\t\tthis.cleanTuairisc(n);\r\n\t\t\tfor(var i=0; i<n.childNodes.length; i++) {\r\n\t\t\t\tnode=n.childNodes[i];\r\n\t\t\t\tif(node.nodeType==1 && node.nodeName!=\"a\" && node.nodeName!=\"A\") {\r\n\t\t\t\t\tnosplit=$(node).hasClass(\"nosplit\");\r\n\t\t\t\t\tthis.clickify(node);\r\n\t\t\t\t}\r\n\t\t\t\telse if(node.nodeType==3 && $.trim(node.nodeValue)!=\"\") {\r\n\t\t\t\t\tvar replace=document.createElement(\"span\");\r\n\t\t\t\t\treplace.innerHTML=this.clickifyText(node.nodeValue);\r\n\t\t\t\t\tn.replaceChild(replace, node);\r\n\t\t\t\t}\r\n\t\t\t}\r\n\t\t}\r\n\t},\r\n\t\r\n\tclickifyText: function(str) {\r\n\t\tvar ret=\"\";\r\n\t\tvar buffer=\"\";\r\n\t\tfor(var i=0; i<str.length; i++) {\r\n\t\t\tvar c=str.charAt(i);\r\n\t\t\tif(\"a\u00e1bcde\u00e9fghi\u00edjklmno\u00f3pqrstu\u00favwxyzA\u00c1BCDE\u00c9FGHI\u00cdJKLMNO\u00d3PQRSTU\u00daVWXYZ'\u2019-\".indexOf(c)>-1) {\r\n\t\t\t\tbuffer+=c;\r\n\t\t\t} else {\r\n\t\t\t\tif(buffer!=\"\") { ret+=this.text2click(buffer); buffer=\"\"; }\r\n\t\t\t\tret+=c;\r\n\t\t\t}\r\n\t\t}\r\n\t\tif(buffer!=\"\") { ret+=this.text2click(buffer); buffer=\"\"; }\r\n\t\treturn ret;\r\n\t},\r\n\t\r\n\ttext2click: function(str) {\r\n\t\tvar s=\"<span\";\r\n\t\ts+=\" style=\\\"cursor: pointer\\\"\";\r\n\t\ts+=\" onmouseover=\\\"this.style.color='#993300'; this.style.textDecoration='underline'\\\"\";\r\n\t\ts+=\" onmouseout=\\\"this.style.color=''; this.style.textDecoration=''\\\"\";\r\n\t\ts+=\" onclick=\\\"cab.lexclick(this)\\\"\";\r\n\t\ts+=\">\"\r\n\t\ts+=str;\r\n\t\ts+=\"<\/span>\";\r\n\t\treturn s;\r\n\t},\r\n\t\r\n\tcleanTuairisc: function(n){\r\n\t\tvar $=jQuery;\r\n\r\n\t\t\/\/remove Tuairisc.ie <span class=\"s1\"> etc:\r\n\t\t$(n).children(\"span.s2\").each(function(){ $(this).replaceWith(this.innerHTML); })\r\n\t\t$(n).children(\"span.s1\").each(function(){ $(this).replaceWith(this.innerHTML); })\r\n\t\t\r\n\t\t\/\/merge text nodes:\r\n\t\tvar prevNode;\r\n\t\tfor(var i=0; i<n.childNodes.length; i++) {\r\n\t\t\tvar node=n.childNodes[i];\r\n\t\t\tif(node.nodeType==3 && prevNode && prevNode.nodeType==3){\r\n\t\t\t\tprevNode.nodeValue+=node.nodeValue;\r\n\t\t\t\tnode.nodeValue=\"\";\r\n\t\t\t} else {\r\n\t\t\t\tprevNode=node;\r\n\t\t\t}\r\n\t\t}\r\n\t},\r\n\t\r\n\tlexclickOrigin: 0,\r\n\t\r\n\tlexclick: function(a){\r\n\t\tvar $=jQuery;\r\n\t\tvar str=a.innerText;\r\n\t\tclean=str.replace(\/^\\s*\/, \"\").replace(\/\\s*$\/, \"\");\r\n\t\tvar url=cab.urlStart+\"\/ga\/?s=\"+encodeURIComponent(clean)+\"&quickie=true\";\r\n\t\t$(\"body\").off(\"click\", cab.lexclickOff);\r\n\t\tif($(\"body\").width()>450) {\r\n\t\t\t$(\"#lexclick\").remove();\r\n\t\t\tvar $a=$(a);\r\n\t\t\t{\r\n\t\t\t\tvar leftOffset=$a.offset().left;\r\n\t\t\t\tvar className=\"\";\r\n\t\t\t}\r\n\t\t\tif(leftOffset>$(\"body\").width()\/2) {\r\n\t\t\t\tleftOffset=leftOffset-280;\r\n\t\t\t\tvar className=\"rightAnchored\";\r\n\t\t\t}\r\n\t\t\t\r\n\t\t\tvar css=\"position: absolute; z-index: 100; width: 300px; height: 370px; background-color: #dddddd; border: 1px solid #333333; padding: 5px; box-shadow: 0px 0px 5px #999999; border-radius: 2px; line-height: 1.5em;\";\r\n\t\t\tvar cssArrow=\"position: absolute; top: -9px; left: 10px; width: 15px; height: 9px; background-image: url(\\\"\"+cab.urlStart+\"\/cab\/lexclick-callout.gif\\\"); z-index: 101;\";\r\n\t\t\tif(className==\"rightAnchored\") cssArrow+=\" left: auto; right: 10px;\"\r\n\t\t\t\r\n\t\t\t$(\"<div id='lexclick' class='\"+className+\"' style='\"+css+\"; line-height: 1em;' onclick='cab.lexclickOrigin=123'><div class='arrow' style='\"+cssArrow+\"'><\/div><iframe name='lexclickFrame' style='width: 298px; height: 348px; border: 1px inset #333333;' src='\"+url+\"' frameborder='0'><\/iframe><div style='font-family: sans-serif; font-size: 12px; text-align: left; margin-top: 3px;'><a href='\"+url+\"' target='_blank' style='color: #336699; text-decoration: none; position: relative; top: -3px; text-shadow: 1px 1px 0px #eeeeee;' onmouseover='this.style.color=\\\"#4477aa\\\"' onmouseout='this.style.color=\\\"#336699\\\"'><img src='\"+cab.urlStart+\"\/cab\/application.png' width='16' height='16' style='position: relative; top: 3px; margin-right: 2px; margin-left: 2px;'\/> www.teanglann.ie \u00bb<\/a><\/div><\/div>\").appendTo(\"body\").offset({top: $a.offset().top+$a.height()+10, left: leftOffset});\r\n\t\t\tcab.lexclickOrigin=123;\r\n\t\t\t$(\"body\").on(\"click\", cab.lexclickOff);\r\n\t\t} else {\r\n\t\t\twindow.open(url);\r\n\t\t}\r\n\t},\r\n\r\n\tlexclickOff: function(){\r\n\t\tvar $=jQuery;\r\n\t\tif(cab.lexclickOrigin==0) {\r\n\t\t\t$(\"#lexclick\").remove();\r\n\t\t\t$(\"body\").off(\"click\", cab.lexclickOff);\r\n\t\t}\r\n\t\tcab.lexclickOrigin=0;\r\n\t},\r\n\t\r\n};\r\n\t\t\t<\/script>\r\n\r\n<script type=\"text\/javascript\">jQuery(document).ready(function(){ cab.clickify(); });<\/script> Scaoileadh Donna Hughes-Brown saor \u00f3 Ionad Coinne\u00e1la Chontae Campbell i Kentucky, na c\u00e9adta m\u00edle \u00f3na teaghlach i Missouri, tar \u00e9is di c\u00faig mh\u00ed a chaitheamh faoi ghlas. A coir? Dh\u00e1 sheic dhona (arbh fhi\u00fa $80 iad in ioml\u00e1n) a scr\u00edobh s\u00ed ag siopa gr\u00f3saera breis agus deich mbliana \u00f3 shin agus a ndearna [&hellip;]<\/p>\n","protected":false},"author":1,"featured_media":14415,"comment_status":"closed","ping_status":"closed","sticky":false,"template":"","format":"standard","meta":{"nf_dc_page":"","_et_pb_use_builder":"on","_et_pb_old_content":"<!-- wp:freeform --><p style=\"text-align:center;margin-top:0pt;padding-top:0;margin-bottom:10pt;padding-bottom:0;line-height:2.2\"><strong><span style=\"color:#222222;font-size:24pt\">I\u00a0<\/span><span style=\"color:#222222;font-size:24pt\">mB\u00e9al an Phobail<\/span><\/strong><\/p><!-- \/wp:freeform --><!-- wp:freeform --><a id=\"OLE_LINK3\"><\/a><!-- \/wp:freeform --><!-- wp:freeform --><a id=\"OLE_LINK4\"><\/a><!-- \/wp:freeform --><!-- wp:freeform --><p style=\"margin-top:0pt;padding-top:0;margin-bottom:10pt;padding-bottom:0;line-height:1.8\"><span style=\"font-size:14pt\">Miche\u00e1l<\/span><span style=\"font-size:14pt\"> Bair\u00e9ad<\/span><\/p><!-- \/wp:freeform --><!-- wp:freeform --><p style=\"margin-top:0pt;padding-top:0;margin-bottom:10pt;padding-bottom:0;line-height:1.8\"><span style=\"font-size:14pt\">Email: <\/span><a href=\"mailto:mickgb@gmail.com\"><span style=\"font-size:14pt\">mickgb@gmail.com<\/span><\/a><\/p><!-- \/wp:freeform --><!-- wp:freeform --><p style=\"margin-top:0pt;padding-top:0;margin-bottom:10pt;padding-bottom:0;line-height:1.8\"><span style=\"font-size:14pt\">Su\u00edomh gr\u00e9as\u00e1in: <\/span><a href=\"https:\/\/mickgb.com\"><span style=\"font-size:14pt\">https:\/\/mickgb.com<\/span><\/a><\/p><!-- \/wp:freeform --><!-- wp:freeform --><p style=\"margin-top:0pt;padding-top:0;margin-bottom:10pt;padding-bottom:0;line-height:1.8\"><span style=\"font-size:14pt\">Sa chaibidil dheireanach, bh\u00ed m\u00e9 ag <\/span><span style=\"font-size:14pt\">scr\u00edobh faoi laethanta saoire<\/span><span style=\"font-size:14pt\"> <\/span><span style=\"font-size:14pt\">an t<\/span><span style=\"font-size:14pt\">samhraidh, agus cad a bh\u00edodh \u00e1 dh\u00e9anamh agam <\/span><span style=\"font-size:14pt\">le linn na samhra<\/span><span style=\"font-size:14pt\">\u00ed<\/span><span style=\"font-size:14pt\"> iontacha sin a sh\u00edneadh amach <\/span><span style=\"font-size:14pt\">beagnach go deo ag an am. Ach <\/span><span style=\"font-size:14pt\">ar an drochuair, <\/span><span style=\"font-size:14pt\">n\u00ed thugann gach rud maith ach a sheal<\/span><span style=\"font-size:14pt\">, agus faoi dheireadh bh\u00edodh orm filleadh ar scoil<\/span><span style=\"font-size:14pt\">. Bh\u00edodh an t-athr\u00fa sin deacair go leor, mar n\u00ed hamh\u00e1in dul ar ais ag freastal ar ranganna a bh\u00edodh i gceist, ach <\/span><span style=\"font-size:14pt\">bh\u00edodh orm freisin mo chip agus m<\/span><span style=\"font-size:14pt\">o mheana\u00ed a bhaili\u00fa agus sl\u00e1n a fh\u00e1g\u00e1il do mo theach is mo theaghlach <\/span><span style=\"font-size:14pt\">go dt\u00ed<\/span><span style=\"font-size:14pt\"> <\/span><span style=\"font-size:14pt\">na c<\/span><span style=\"font-size:14pt\">h<\/span><span style=\"font-size:14pt\">\u00e9ad laethanta saoire <\/span><span style=\"font-size:14pt\">eile. <\/span><span style=\"font-size:14pt\">Tar \u00e9is an tsamhraidh, bh\u00edodh c\u00f3na\u00ed orm sa scoil ar feadh <\/span><span style=\"font-size:14pt\">tr\u00ed mh\u00ed go dt\u00ed go mbeadh sos maith agam um Nolla<\/span><span style=\"font-size:14pt\">i<\/span><span style=\"font-size:14pt\">g. <\/span><span style=\"font-size:14pt\">Bh\u00edodh rud beag f\u00e9insmachta de dh\u00edth orm <\/span><span style=\"font-size:14pt\">tar sl\u00e1n as a bheith <\/span><span style=\"font-size:14pt\">faoi ghlas chomh fada sin. <\/span><span style=\"font-size:14pt\">Ach \u00e9ags\u00fail le formh\u00f3r na ndalta\u00ed<\/span><span style=\"font-size:14pt\">, a raibh orthu fanacht sa scoil gach deireadh seachtaine, bh\u00edodh faoiseamh <\/span><span style=\"font-size:14pt\">c\u00fapla l\u00e1 agam gach seachtain sa bhaile, rud ab aoibhinn liom. <\/span><\/p><!-- \/wp:freeform --><!-- wp:freeform --><p style=\"margin-top:0pt;padding-top:0;margin-bottom:10pt;padding-bottom:0;line-height:1.8\"><span style=\"font-size:14pt\">Ba shaol uaigneach a bh\u00edodh agam ar scoil, \u00e1fach<\/span><span style=\"font-size:14pt\">. <\/span><span style=\"font-size:14pt\">Leaid leochaileach a raibh asma orm a bh\u00ed ionam<\/span><span style=\"font-size:14pt\">, agus mar sin n\u00ed raibh <\/span><span style=\"font-size:14pt\">sp\u00f3irt mhachaire <\/span><span style=\"font-size:14pt\">ag teacht liom. <\/span><span style=\"font-size:14pt\">D\u2019fh\u00e1s comr\u00e1da\u00edocht mhaith idir <\/span><span style=\"font-size:14pt\">na himreoir\u00ed<\/span><span style=\"font-size:14pt\"> peil<\/span><span style=\"font-size:14pt\">e<\/span><span style=\"font-size:14pt\"> agus iom\u00e1na\u00edocht<\/span><span style=\"font-size:14pt\">a<\/span><span style=\"font-size:14pt\">, <\/span><span style=\"font-size:14pt\">ach n\u00ed raibh an deis sin agam. <\/span><span style=\"font-size:14pt\">D\u2019imr\u00ednn liathr\u00f3id l\u00e1imhe agus c\u00e9 nach raibh l\u00edon r\u00f3mh\u00f3r dalta\u00ed <\/span><span style=\"font-size:14pt\">\u00e1 n-imirt, <\/span><span style=\"font-size:14pt\">bh\u00ed <\/span><span style=\"font-size:14pt\">c\u00fapla <\/span><span style=\"font-size:14pt\">imreoir rialta eile <\/span><span style=\"font-size:14pt\">ann <\/span><span style=\"font-size:14pt\">agus <\/span><span style=\"font-size:14pt\">a ndearna m\u00e9 cairde d\u00f3ibh d\u00e1 bhr\u00ed sin.<\/span><\/p><!-- \/wp:freeform --><!-- wp:freeform --><p style=\"margin-top:0pt;padding-top:0;margin-bottom:10pt;padding-bottom:0;line-height:1.8\"><span style=\"font-size:14pt\">B\u2019aoibhinn liom saol an l\u00e9inn, agus bh\u00ednn ag staid\u00e9ar n\u00f3 ag l\u00e9amh gach seans a bh\u00edodh agam. <\/span><span style=\"font-size:14pt\">Sheas m\u00e9 amach <\/span><span style=\"font-size:14pt\">mar b\u2019fhearr le beagnach gach dalta eile sa scoil a bheith taobh amuigh, ag imirt le ch\u00e9ile. <\/span><span style=\"font-size:14pt\">Bh\u00ed <\/span><span style=\"font-size:14pt\">c\u00fapla dalta eile <\/span><span style=\"font-size:14pt\">a raibh suim acu sna ruda\u00ed c\u00e9anna<\/span><span style=\"font-size:14pt\"> liomsa<\/span><span style=\"font-size:14pt\">, agus <\/span><span style=\"font-size:14pt\">bh\u00edomar an-mh\u00f3r le ch\u00e9ile \u00f3n t\u00fas. <\/span><span style=\"font-size:14pt\">Aithn\u00edonn ciar\u00f3g <\/span><span style=\"font-size:14pt\">ciar\u00f3g<\/span><span style=\"font-size:14pt\"> eile, mar a <\/span><span style=\"font-size:14pt\">deir an seanfhoca<\/span><span style=\"font-size:14pt\">l, agus bh\u00ed s\u00e9 f\u00edor i mo ch\u00e1s, gan dabht. <\/span><\/p><!-- \/wp:freeform --><!-- wp:freeform --><p style=\"margin-top:0pt;padding-top:0;margin-bottom:10pt;padding-bottom:0;line-height:1.8\"><strong><span style=\"font-size:14pt\">Mo chill\u00edn sa <\/span><span style=\"font-size:14pt\">Suanl<\/span><span style=\"font-size:14pt\">ios<\/span><\/strong><\/p><!-- \/wp:freeform --><!-- wp:freeform --><p style=\"margin-top:0pt;padding-top:0;margin-bottom:10pt;padding-bottom:0;line-height:1.8\"><span style=\"font-size:14pt\">Sa ch\u00e9ad bhliain ar scoil bh\u00ed m\u00e9 i suanl<\/span><span style=\"font-size:14pt\">io<\/span><span style=\"font-size:14pt\">s b<\/span><span style=\"font-size:14pt\">eag Naomh Columba. <\/span><span style=\"font-size:14pt\">Intreoir s\u00e9imh <\/span><span style=\"font-size:14pt\">a bh\u00ed ann, mar n\u00ed <\/span><span style=\"font-size:14pt\">raibh<\/span><span style=\"font-size:14pt\"> ach deichni\u00far <\/span><span style=\"font-size:14pt\">d\u00ednn<\/span><span style=\"font-size:14pt\">, agus bh\u00ed <\/span><span style=\"font-size:14pt\">maoirseoir againn<\/span><span style=\"font-size:14pt\"> \u2013 fear \u00f3g a bh\u00ed <\/span><span style=\"font-size:14pt\">ag staid\u00e9ar sa ch<\/span><span style=\"font-size:14pt\">liarscoil, darb ainm Jackie Robinson. <\/span><span style=\"font-size:14pt\">Bh\u00ed mo chill\u00edn in aice an dora<\/span><span style=\"font-size:14pt\">i<\/span><span style=\"font-size:14pt\">s, agus n\u00ed raibh m\u00f3r\u00e1n <\/span><span style=\"font-size:14pt\">pr\u00edomh\u00e1ideachais<\/span><span style=\"font-size:14pt\"> agam, ach ba chuma liom. <\/span><span style=\"font-size:14pt\">Ba mise <\/span><span style=\"font-size:14pt\">ar <\/span><span style=\"font-size:14pt\">an<\/span><span style=\"font-size:14pt\"> <\/span><span style=\"font-size:14pt\">dara <\/span><span style=\"font-size:14pt\">b<\/span><span style=\"font-size:14pt\">h<\/span><span style=\"font-size:14pt\">uachaill b<\/span><span style=\"font-size:14pt\">a bhige<\/span><span style=\"font-size:14pt\"> sa suanl<\/span><span style=\"font-size:14pt\">i<\/span><span style=\"font-size:14pt\">os, agus <\/span><span style=\"font-size:14pt\">bh\u00edodh na dalta\u00ed eile ag pleidhc\u00edocht le ch\u00e9ile roimh <\/span><span style=\"font-size:14pt\">d\u00fainn <\/span><span style=\"font-size:14pt\">dul a chodladh<\/span><span style=\"font-size:14pt\"> gach o\u00edche<\/span><span style=\"font-size:14pt\">.<\/span><span style=\"font-size:14pt\"> De ghn\u00e1th n\u00ed bh\u00ednn p\u00e1irteach sna cluich\u00ed sin<\/span><span style=\"font-size:14pt\">, c\u00e9 go mb\u00edodh an buachaill ba bhige, Se\u00e1n <\/span><span style=\"font-size:14pt\">\u00d3\u2019C\u00faiv<\/span><span style=\"font-size:14pt\">, i l\u00e1r an aicsin<\/span><span style=\"font-size:14pt\"> gach uair<\/span><span style=\"font-size:14pt\">.<\/span><span style=\"font-size:14pt\"> <\/span><span style=\"font-size:14pt\"> Bh\u00ed asma orm agus n\u00ed raibh m\u00e9 <\/span><span style=\"font-size:14pt\">r\u00f3l\u00e1idir<\/span><span style=\"font-size:14pt\">, d\u00e1 bhr\u00ed sin. <\/span><span style=\"font-size:14pt\">Nuair a chloiseadh Jackie <\/span><span style=\"font-size:14pt\">an<\/span><span style=\"font-size:14pt\"> <\/span><span style=\"font-size:14pt\">screadach<\/span><span style=\"font-size:14pt\"> ag teacht amach an doras <\/span><span style=\"font-size:14pt\">g<\/span><span style=\"font-size:14pt\">o dt<\/span><span style=\"font-size:14pt\">\u00ed<\/span><span style=\"font-size:14pt\"> an <\/span><span style=\"font-size:14pt\">seomra<\/span><span style=\"font-size:14pt\"> ina raibh s\u00e9 f\u00e9in, thagadh s\u00e9 isteach agus <\/span><span style=\"font-size:14pt\">shocra<\/span><span style=\"font-size:14pt\">\u00ed<\/span><span style=\"font-size:14pt\">o<\/span><span style=\"font-size:14pt\">dh s\u00e9 s\u00edos muid. Ansin, mh\u00fachadh s\u00e9 an solas. <\/span><span style=\"font-size:14pt\">Th\u00e9imis a chodladh ar an toirt, mar bh\u00edodh tuirse orainn tar \u00e9is na ranganna, <\/span><span style=\"font-size:14pt\">an<\/span><span style=\"font-size:14pt\"> sta<\/span><span style=\"font-size:14pt\">i<\/span><span style=\"font-size:14pt\">d<\/span><span style=\"font-size:14pt\">\u00e9ir<\/span><span style=\"font-size:14pt\"> agus <\/span><span style=\"font-size:14pt\">tar \u00e9is a bheith ag imirt agus ag rith <\/span><span style=\"font-size:14pt\">aon seans<\/span><span style=\"font-size:14pt\"> a bh\u00edodh againn.<\/span><\/p><!-- \/wp:freeform --><!-- wp:freeform --><p style=\"margin-top:0pt;padding-top:0;margin-bottom:10pt;padding-bottom:0;line-height:1.8\"><span style=\"font-size:14pt\">Mar nach mb\u00ednn ag pleidhc\u00edocht leis na buachaill\u00ed eile, tharraing m\u00e9 a n-aird orm, agus <\/span><span style=\"font-size:14pt\">bh\u00ed<\/span><span style=\"font-size:14pt\">d<\/span><span style=\"font-size:14pt\">\u00ed<\/span><span style=\"font-size:14pt\">s ag cur ceisteanna orm ag iarraidh a thuiscint c\u00e9n f\u00e1th nach raibh m\u00e9 <\/span><span style=\"font-size:14pt\">p\u00e1irteach leo sna cluich\u00ed a bh\u00edodh acu san o\u00edche. <\/span><span style=\"font-size:14pt\">N\u00ed raibh m\u00e9 ag iarraidh go mbeadh cuma <\/span><span style=\"font-size:14pt\">an lagrach\u00e1in orm, agus rinne m\u00e9 leithsc\u00e9al eile go raibh tuirseach orm n\u00f3 rud <\/span><span style=\"font-size:14pt\">\u00e9igin<\/span><span style=\"font-size:14pt\"> mar sin. <\/span><span style=\"font-size:14pt\">Ach n\u00edor chreid na <\/span><span style=\"font-size:14pt\">buachaill\u00ed focal de, agus <\/span><span style=\"font-size:14pt\">thosa\u00edodar ag caitheamh anuas orm gach o\u00edche. <\/span><span style=\"font-size:14pt\">Uair amh\u00e1in, chonaic Jackie <\/span><span style=\"font-size:14pt\">m\u00e9 ag caochadh na s\u00fal chun c\u00fal a choinne\u00e1il ar n<\/span><span style=\"font-size:14pt\">a<\/span><span style=\"font-size:14pt\"> deora. <\/span><span style=\"font-size:14pt\">Bh\u00ed <\/span><span style=\"font-size:14pt\">focal aige liom go discr\u00e9ideach, agus <\/span><span style=\"font-size:14pt\">d\u2019iarr <\/span><span style=\"font-size:14pt\">s\u00e9 orm<\/span><span style=\"font-size:14pt\"> cad a bh\u00ed ar si\u00fal.<\/span><span style=\"font-size:14pt\"> D\u2019inis m\u00e9 d\u00f3 go raibh na buachaill\u00ed eile sa suanl<\/span><span style=\"font-size:14pt\">i<\/span><span style=\"font-size:14pt\">os <\/span><span style=\"font-size:14pt\">ag seasamh le ch\u00e9ile i m\u2019aghaidh, agus <\/span><span style=\"font-size:14pt\">ag caitheamh masla\u00ed liom agus ag tabhairt ainmneacha gr\u00e1nna orm.<\/span><span style=\"font-size:14pt\"> Sm\u00e9id s\u00e9 a cheann <\/span><span style=\"font-size:14pt\">agus d\u2019imigh leis.<\/span><span style=\"font-size:14pt\"> <\/span><span style=\"font-size:14pt\">I<\/span><span style=\"font-size:14pt\">s cuimhin liom f\u00f3s gur stad na masla\u00ed agus na hainmneacha roimh i bhfad<\/span><span style=\"font-size:14pt\">. Thosaigh na buachaill\u00ed eile ag d\u00e9anamh comhr\u00e1 liom, agus <\/span><span style=\"font-size:14pt\">tar \u00e9is tamaill\u00edn <\/span><span style=\"font-size:14pt\">bh\u00ed m\u00e9 ar mo chompor<\/span><span style=\"font-size:14pt\">d<\/span><span style=\"font-size:14pt\"> sa suanl<\/span><span style=\"font-size:14pt\">i<\/span><span style=\"font-size:14pt\">os, agus ag g\u00e1ire agus ag caint <\/span><span style=\"font-size:14pt\">le gach buachaill ann. <\/span><\/p><!-- \/wp:freeform --><!-- wp:freeform --><p style=\"margin-top:0pt;padding-top:0;margin-bottom:10pt;padding-bottom:0;line-height:1.8\"><span style=\"font-size:14pt\">An<\/span><span style=\"font-size:14pt\"> ch\u00e9ad uair eile a bh\u00ed <\/span><span style=\"font-size:14pt\">torann ard sa suanl<\/span><span style=\"font-size:14pt\">i<\/span><span style=\"font-size:14pt\">os, rith Jackie isteach chun stop a chur leis. <\/span><span style=\"font-size:14pt\">D\u2019fh\u00e9ach s\u00e9 go heolach orm, agus d\u00fairt s\u00e9: \u201cAgus tusa freisin<\/span><span style=\"font-size:14pt\">, a Mhich\u00edl<\/span><span style=\"font-size:14pt\"> -<\/span><span style=\"font-size:14pt\"> ar ais go dt\u00ed do chill\u00edn<\/span><span style=\"font-size:14pt\"> <\/span><span style=\"font-size:14pt\">agus t\u00f3g do <\/span><span style=\"font-size:14pt\">phili\u00far leat<\/span><span style=\"font-size:14pt\">!<\/span><span style=\"font-size:14pt\">\u201d Leath meangadh m\u00f3r g\u00e1ire ar <\/span><span style=\"font-size:14pt\">a<\/span><span style=\"font-size:14pt\"> aghaidh, agus amach an doras leis. <\/span><span style=\"font-size:14pt\">Ba dhuine de na leaideanna m\u00e9 anois, agus bh\u00ed m\u00e9 <\/span><span style=\"font-size:14pt\">an-bhr\u00f3d\u00fail<\/span><span style=\"font-size:14pt\"> as sin.<\/span><span style=\"font-size:14pt\"> <\/span><\/p><!-- \/wp:freeform --><!-- wp:freeform --><p style=\"margin-top:0pt;padding-top:0;margin-bottom:10pt;padding-bottom:0;line-height:1.8\"><span style=\"font-size:14pt\">N\u00edl a fhios agam f\u00f3s cad a rinne Jackie <\/span><span style=\"font-size:14pt\">sa ch\u00falra, ach t\u00e1 s\u00e9 soil\u00e9ir go <\/span><span style=\"font-size:14pt\">raibh <\/span><span style=\"font-size:14pt\">c\u00fapla focal aige le gach ceann de na leaideanna<\/span><span style=\"font-size:14pt\">. Mar go raibh meas m\u00f3r ag gach duine againn ar Jackie, d\u2019\u00e9isteamar <\/span><span style=\"font-size:14pt\">lena raibh<\/span><span style=\"font-size:14pt\"> le r\u00e1 aige d\u00fainn. <\/span><span style=\"font-size:14pt\">Rinne s\u00e9 an gn\u00f3 <\/span><span style=\"font-size:14pt\">i ngan fhios dom, ach ag <\/span><span style=\"font-size:14pt\">an<\/span><span style=\"font-size:14pt\"> am c\u00e9anna thuig m\u00e9 go ndearna s\u00e9 <\/span><span style=\"font-size:14pt\">an gn\u00f3. D\u2019fhoghlaim m\u00e9 ceacht <\/span><span style=\"font-size:14pt\">iontach at\u00e1 r\u00e1ite go maith ag \u00e1r sinsear: is ioma\u00ed sl\u00ed <\/span><span style=\"font-size:14pt\">chun beith\u00edoch a fheannadh. Gan dabht, <\/span><span style=\"font-size:14pt\">is \u00ed ta<\/span><span style=\"font-size:14pt\">i<\/span><span style=\"font-size:14pt\">dhleoireacht an tsl\u00ed is fearr chun a dheimhni\u00fa go mbeadh su\u00edoch\u00e1in ann. Bh\u00ed saol n\u00edos fearr agam ar scoil tar \u00e9is sin, agus <\/span><span style=\"font-size:14pt\">t\u00e1im <\/span><span style=\"font-size:14pt\">an-bhu\u00edoch<\/span><span style=\"font-size:14pt\"> <\/span><span style=\"font-size:14pt\">i gc\u00f3na\u00ed <\/span><span style=\"font-size:14pt\">do Jackie as a <\/span><span style=\"font-size:14pt\">ndearna<\/span><span style=\"font-size:14pt\"> s\u00e9 <\/span><span style=\"font-size:14pt\">dom.<\/span><\/p><!-- \/wp:freeform --><!-- wp:freeform --><p style=\"margin-top:0pt;padding-top:0;margin-bottom:10pt;padding-bottom:0;line-height:1.8\"><span style=\"display:inline-block;height:1em\"><span style=\"display:none\">.<\/span><\/span><\/p><!-- \/wp:freeform --><!-- wp:freeform --><p style=\"margin-top:0pt;padding-top:0;margin-bottom:10pt;padding-bottom:0;line-height:1.8\"><span style=\"display:inline-block;height:1em\"><span style=\"display:none\">.<\/span><\/span><\/p><!-- \/wp:freeform --><!-- wp:freeform --><p style=\"margin-top:0pt;padding-top:0;margin-bottom:10pt;padding-bottom:0;line-height:1.8\"><span style=\"display:inline-block;height:1em\"><span style=\"display:none\">.<\/span><\/span><\/p><!-- \/wp:freeform --><!-- wp:freeform --><p style=\"margin-top:0pt;padding-top:0;margin-bottom:10pt;padding-bottom:0;line-height:1.8\"><span style=\"display:inline-block;height:1em\"><span style=\"display:none\">.<\/span><\/span><\/p><!-- \/wp:freeform -->","_et_gb_content_width":"","footnotes":""},"categories":[33,35,32,38,44],"tags":[],"class_list":["post-14413","post","type-post","status-publish","format-standard","has-post-thumbnail","hentry","category-cursai-reatha","category-nuacht-idirnaisiunta","category-nuacht-naisiunta","category-polaitiocht","category-tuairim"],"_links":{"self":[{"href":"https:\/\/mickgb.com\/ga\/wp-json\/wp\/v2\/posts\/14413","targetHints":{"allow":["GET"]}}],"collection":[{"href":"https:\/\/mickgb.com\/ga\/wp-json\/wp\/v2\/posts"}],"about":[{"href":"https:\/\/mickgb.com\/ga\/wp-json\/wp\/v2\/types\/post"}],"author":[{"embeddable":true,"href":"https:\/\/mickgb.com\/ga\/wp-json\/wp\/v2\/users\/1"}],"replies":[{"embeddable":true,"href":"https:\/\/mickgb.com\/ga\/wp-json\/wp\/v2\/comments?post=14413"}],"version-history":[{"count":5,"href":"https:\/\/mickgb.com\/ga\/wp-json\/wp\/v2\/posts\/14413\/revisions"}],"predecessor-version":[{"id":14484,"href":"https:\/\/mickgb.com\/ga\/wp-json\/wp\/v2\/posts\/14413\/revisions\/14484"}],"wp:featuredmedia":[{"embeddable":true,"href":"https:\/\/mickgb.com\/ga\/wp-json\/wp\/v2\/media\/14415"}],"wp:attachment":[{"href":"https:\/\/mickgb.com\/ga\/wp-json\/wp\/v2\/media?parent=14413"}],"wp:term":[{"taxonomy":"category","embeddable":true,"href":"https:\/\/mickgb.com\/ga\/wp-json\/wp\/v2\/categories?post=14413"},{"taxonomy":"post_tag","embeddable":true,"href":"https:\/\/mickgb.com\/ga\/wp-json\/wp\/v2\/tags?post=14413"}],"curies":[{"name":"wp","href":"https:\/\/api.w.org\/{rel}","templated":true}]}}