{"id":7364,"date":"2022-08-24T19:52:39","date_gmt":"2022-08-24T19:52:39","guid":{"rendered":"https:\/\/mickgb.com\/?p=7364"},"modified":"2023-11-23T00:43:36","modified_gmt":"2023-11-23T00:43:36","slug":"cuairt-ar-ghaeltacht-na-ndeise","status":"publish","type":"post","link":"https:\/\/mickgb.com\/ga\/cuairt-ar-ghaeltacht-na-ndeise\/","title":{"rendered":"Cuairt ar Ghaeltacht na nD\u00e9ise"},"content":{"rendered":"[et_pb_section fb_built=&#8221;1&#8243; admin_label=&#8221;section&#8221; _builder_version=&#8221;4.16&#8243; global_colors_info=&#8221;{}&#8221;][et_pb_row admin_label=&#8221;row&#8221; _builder_version=&#8221;4.16&#8243; background_size=&#8221;initial&#8221; background_position=&#8221;top_left&#8221; background_repeat=&#8221;repeat&#8221; global_colors_info=&#8221;{}&#8221;][et_pb_column type=&#8221;4_4&#8243; _builder_version=&#8221;4.16&#8243; custom_padding=&#8221;|||&#8221; global_colors_info=&#8221;{}&#8221; custom_padding__hover=&#8221;|||&#8221;][et_pb_text admin_label=&#8221;Text&#8221; _builder_version=&#8221;4.16&#8243; background_size=&#8221;initial&#8221; background_position=&#8221;top_left&#8221; background_repeat=&#8221;repeat&#8221; global_colors_info=&#8221;{}&#8221;]<p style=\"text-align: justify; margin-top: 0pt; padding-top: 0; margin-bottom: 0pt; padding-bottom: 0; line-height: 1.8;\"><strong><span style=\"font-size: 14pt;\"><script type=\"text\/javascript\" >\r\nvar cab={\r\n\r\n\turlStart: \"https:\/\/www.teanglann.ie\",\r\n\r\n\tclickify: function ($n) {\r\n\t\tvar $=jQuery;\r\n\t\tif(!$n) $n=$(document);\r\n\t\tif(!$n.jquery) $n=$($n);\r\n\t\tfor(var y=0; y<$n.toArray().length; y++){\r\n\t\t\tvar n=$n.toArray()[y];\r\n\t\t\tthis.cleanTuairisc(n);\r\n\t\t\tfor(var i=0; i<n.childNodes.length; i++) {\r\n\t\t\t\tnode=n.childNodes[i];\r\n\t\t\t\tif(node.nodeType==1 && node.nodeName!=\"a\" && node.nodeName!=\"A\") {\r\n\t\t\t\t\tnosplit=$(node).hasClass(\"nosplit\");\r\n\t\t\t\t\tthis.clickify(node);\r\n\t\t\t\t}\r\n\t\t\t\telse if(node.nodeType==3 && $.trim(node.nodeValue)!=\"\") {\r\n\t\t\t\t\tvar replace=document.createElement(\"span\");\r\n\t\t\t\t\treplace.innerHTML=this.clickifyText(node.nodeValue);\r\n\t\t\t\t\tn.replaceChild(replace, node);\r\n\t\t\t\t}\r\n\t\t\t}\r\n\t\t}\r\n\t},\r\n\t\r\n\tclickifyText: function(str) {\r\n\t\tvar ret=\"\";\r\n\t\tvar buffer=\"\";\r\n\t\tfor(var i=0; i<str.length; i++) {\r\n\t\t\tvar c=str.charAt(i);\r\n\t\t\tif(\"a\u00e1bcde\u00e9fghi\u00edjklmno\u00f3pqrstu\u00favwxyzA\u00c1BCDE\u00c9FGHI\u00cdJKLMNO\u00d3PQRSTU\u00daVWXYZ'\u2019-\".indexOf(c)>-1) {\r\n\t\t\t\tbuffer+=c;\r\n\t\t\t} else {\r\n\t\t\t\tif(buffer!=\"\") { ret+=this.text2click(buffer); buffer=\"\"; }\r\n\t\t\t\tret+=c;\r\n\t\t\t}\r\n\t\t}\r\n\t\tif(buffer!=\"\") { ret+=this.text2click(buffer); buffer=\"\"; }\r\n\t\treturn ret;\r\n\t},\r\n\t\r\n\ttext2click: function(str) {\r\n\t\tvar s=\"<span\";\r\n\t\ts+=\" style=\\\"cursor: pointer\\\"\";\r\n\t\ts+=\" onmouseover=\\\"this.style.color='#993300'; this.style.textDecoration='underline'\\\"\";\r\n\t\ts+=\" onmouseout=\\\"this.style.color=''; this.style.textDecoration=''\\\"\";\r\n\t\ts+=\" onclick=\\\"cab.lexclick(this)\\\"\";\r\n\t\ts+=\">\"\r\n\t\ts+=str;\r\n\t\ts+=\"<\/span>\";\r\n\t\treturn s;\r\n\t},\r\n\t\r\n\tcleanTuairisc: function(n){\r\n\t\tvar $=jQuery;\r\n\r\n\t\t\/\/remove Tuairisc.ie <span class=\"s1\"> etc:\r\n\t\t$(n).children(\"span.s2\").each(function(){ $(this).replaceWith(this.innerHTML); })\r\n\t\t$(n).children(\"span.s1\").each(function(){ $(this).replaceWith(this.innerHTML); })\r\n\t\t\r\n\t\t\/\/merge text nodes:\r\n\t\tvar prevNode;\r\n\t\tfor(var i=0; i<n.childNodes.length; i++) {\r\n\t\t\tvar node=n.childNodes[i];\r\n\t\t\tif(node.nodeType==3 && prevNode && prevNode.nodeType==3){\r\n\t\t\t\tprevNode.nodeValue+=node.nodeValue;\r\n\t\t\t\tnode.nodeValue=\"\";\r\n\t\t\t} else {\r\n\t\t\t\tprevNode=node;\r\n\t\t\t}\r\n\t\t}\r\n\t},\r\n\t\r\n\tlexclickOrigin: 0,\r\n\t\r\n\tlexclick: function(a){\r\n\t\tvar $=jQuery;\r\n\t\tvar str=a.innerText;\r\n\t\tclean=str.replace(\/^\\s*\/, \"\").replace(\/\\s*$\/, \"\");\r\n\t\tvar url=cab.urlStart+\"\/ga\/?s=\"+encodeURIComponent(clean)+\"&quickie=true\";\r\n\t\t$(\"body\").off(\"click\", cab.lexclickOff);\r\n\t\tif($(\"body\").width()>450) {\r\n\t\t\t$(\"#lexclick\").remove();\r\n\t\t\tvar $a=$(a);\r\n\t\t\t{\r\n\t\t\t\tvar leftOffset=$a.offset().left;\r\n\t\t\t\tvar className=\"\";\r\n\t\t\t}\r\n\t\t\tif(leftOffset>$(\"body\").width()\/2) {\r\n\t\t\t\tleftOffset=leftOffset-280;\r\n\t\t\t\tvar className=\"rightAnchored\";\r\n\t\t\t}\r\n\t\t\t\r\n\t\t\tvar css=\"position: absolute; z-index: 100; width: 300px; height: 370px; background-color: #dddddd; border: 1px solid #333333; padding: 5px; box-shadow: 0px 0px 5px #999999; border-radius: 2px; line-height: 1.5em;\";\r\n\t\t\tvar cssArrow=\"position: absolute; top: -9px; left: 10px; width: 15px; height: 9px; background-image: url(\\\"\"+cab.urlStart+\"\/cab\/lexclick-callout.gif\\\"); z-index: 101;\";\r\n\t\t\tif(className==\"rightAnchored\") cssArrow+=\" left: auto; right: 10px;\"\r\n\t\t\t\r\n\t\t\t$(\"<div id='lexclick' class='\"+className+\"' style='\"+css+\"; line-height: 1em;' onclick='cab.lexclickOrigin=123'><div class='arrow' style='\"+cssArrow+\"'><\/div><iframe name='lexclickFrame' style='width: 298px; height: 348px; border: 1px inset #333333;' src='\"+url+\"' frameborder='0'><\/iframe><div style='font-family: sans-serif; font-size: 12px; text-align: left; margin-top: 3px;'><a href='\"+url+\"' target='_blank' style='color: #336699; text-decoration: none; position: relative; top: -3px; text-shadow: 1px 1px 0px #eeeeee;' onmouseover='this.style.color=\\\"#4477aa\\\"' onmouseout='this.style.color=\\\"#336699\\\"'><img src='\"+cab.urlStart+\"\/cab\/application.png' width='16' height='16' style='position: relative; top: 3px; margin-right: 2px; margin-left: 2px;'\/> www.teanglann.ie \u00bb<\/a><\/div><\/div>\").appendTo(\"body\").offset({top: $a.offset().top+$a.height()+10, left: leftOffset});\r\n\t\t\tcab.lexclickOrigin=123;\r\n\t\t\t$(\"body\").on(\"click\", cab.lexclickOff);\r\n\t\t} else {\r\n\t\t\twindow.open(url);\r\n\t\t}\r\n\t},\r\n\r\n\tlexclickOff: function(){\r\n\t\tvar $=jQuery;\r\n\t\tif(cab.lexclickOrigin==0) {\r\n\t\t\t$(\"#lexclick\").remove();\r\n\t\t\t$(\"body\").off(\"click\", cab.lexclickOff);\r\n\t\t}\r\n\t\tcab.lexclickOrigin=0;\r\n\t},\r\n\t\r\n};\r\n\t\t\t<\/script>\r\n\r\n<script type=\"text\/javascript\">jQuery(document).ready(function(){ cab.clickify(); });<\/script>T\u00fas maith, leath na hOibre!<\/span><\/strong><\/p>\n<p><!-- \/wp:post-content --><!-- wp:freeform --><\/p>\n<p style=\"text-align: justify; margin-top: 0pt; padding-top: 0; margin-bottom: 0pt; padding-bottom: 0; line-height: 1.8;\"><span style=\"font-size: 14pt;\">Don ch\u00e9ad uair \u00f3 th\u00fas na paind\u00e9ime, t\u00e1 tumch\u00farsa\u00ed Gaeilge ar si\u00fal ar\u00eds. B<\/span><span style=\"font-size: 14pt;\">h<\/span><span style=\"font-size: 14pt;\">raith<\/span><span style=\"font-size: 14pt;\">eamar<\/span><span style=\"font-size: 14pt;\"> uainn iad, mar tugann<\/span><span style=\"font-size: 14pt;\"> c\u00farsa\u00ed <\/span><span style=\"font-size: 14pt;\">mar <\/span><span style=\"font-size: 14pt;\">sin<\/span><span style=\"font-size: 14pt;\"> deis iontach d\u00fainn feabhs\u00fa a chur ar \u00e1r gcuid Gaeilge. N\u00ed <\/span><span style=\"font-size: 14pt;\">h<\/span><span style=\"font-size: 14pt;\">aon ionadh \u00e9 mar sin gur chl\u00e1raigh m\u00e9 f\u00e9in agus mo bhean ch\u00e9ile do ch\u00fapla tumch\u00farsa i mbliana, ceann amh\u00e1in i nD\u00fan na nGall, agus ceann eile i gCol\u00e1iste na Rinne i gContae Phort L\u00e1irge. San alt inniu, d\u00e9anfaidh m\u00e9 cur s\u00edos ar an tumch\u00farsa i gCol\u00e1iste na Rinne.<\/span><\/p>\n<p><!-- \/wp:freeform --><!-- wp:freeform --><\/p>\n<p style=\"text-align: justify; margin-top: 0pt; padding-top: 0; margin-bottom: 0pt; padding-bottom: 0; line-height: 1.8;\"><span style=\"font-size: 14pt;\">Faoin am a<\/span><span style=\"font-size: 14pt;\">r<\/span><span style=\"font-size: 14pt;\"> chl\u00e1raigh m\u00e9 don ch\u00farsa, n\u00ed raibh m\u00e9 in ann l\u00f3ist\u00edn a fh\u00e1il ar dt\u00fas, ach tar \u00e9is go leor glaonna f\u00f3in, chuir m\u00e9 leaba is bricfeasta in \u00e1irithe nach raibh baint aige leis an gCol\u00e1iste. Chuir m\u00e9 \u00e1r n-ainmneacha ar liosta feitheamh le bean an t\u00ed amh\u00e1in freisin, ar eagla na heagla. Ar an l\u00e1 d\u00edreach roimh an ch\u00farsa, ghlaoigh an bhean an t\u00ed <\/span><span style=\"font-size: 14pt;\">sin <\/span><span style=\"font-size: 14pt;\">orm, agus d\u00fairt s\u00ed go raibh seomra ar f\u00e1il anois d\u00fainn. Bh\u00ed orainn go l\u00e9ir t\u00e1st\u00e1il chor\u00f3inv\u00edris a dh\u00e9anamh agus toradh di\u00faltach a fh\u00e1il, chun a bheith in ann freastal ar an gc\u00farsa. Bh\u00ed fear m\u00ed-\u00e1mharach tar \u00e9is toradh dearfach a fh\u00e1il, agus n\u00ed raibh an dara rogha aige ach an c\u00farsa a chur ar ceal. Is mar sin a fuaireamar l\u00f3ist\u00edn <\/span><span style=\"font-size: 14pt;\">thar barr<\/span><span style=\"font-size: 14pt;\">,<\/span><span style=\"font-size: 14pt;\"> gar do Chol\u00e1iste na Rinne. <\/span><\/p>\n<p><!-- \/wp:freeform --><!-- wp:freeform --><\/p>\n<p style=\"text-align: justify; margin-top: 0pt; padding-top: 0; margin-bottom: 0pt; padding-bottom: 0; line-height: 1.8;\"><strong><span style=\"font-size: 14pt;\">Cl\u00e1r an Ch\u00farsa<\/span><\/strong><\/p>\n<p><!-- \/wp:freeform --><!-- wp:freeform --><\/p>\n<p style=\"text-align: justify; margin-top: 0pt; padding-top: 0; margin-bottom: 0pt; padding-bottom: 0; line-height: 1.8;\"><span style=\"font-size: 14pt;\">Bh\u00ed cl\u00e1r iontach eagraithe d\u00fainn, agus go leor ar si\u00fal gach l\u00e1, \u00f3 mhaidin go ho\u00edche. Bh\u00ed na ranganna roinnte i gceithre shruth bunaithe ar do leibh\u00e9al teanga, \u00f3 thosaitheoir\u00ed go hardleibh\u00e9al. Sa tsl\u00ed sin m\u00faineadh an Ghaeilge <\/span><span style=\"font-size: 14pt;\">d\u00fainn <\/span><span style=\"font-size: 14pt;\">i ngr\u00fapa\u00ed beaga a d\u2019\u00e9ascaigh comharfhoghlaim. <\/span><\/p>\n<p><!-- \/wp:freeform --><!-- wp:freeform --><\/p>\n<p style=\"text-align: justify; margin-top: 0pt; padding-top: 0; margin-bottom: 0pt; padding-bottom: 0; line-height: 1.8;\"><span style=\"font-size: 14pt;\">Bhail\u00edmis gach maidin, idir mh\u00fainteoir\u00ed agus <\/span><span style=\"font-size: 14pt;\">scol\u00e1ir\u00ed<\/span><span style=\"font-size: 14pt;\">, sa seomra bia ag 8:30 <\/span><span style=\"font-size: 14pt;\">ar maidin <\/span><span style=\"font-size: 14pt;\">agus d\u2019ithimis \u00e1r mbricfeasta le ch\u00e9ile, agus muid ag labhairt Gaeilge an chuid is m\u00f3 den am, go h\u00e1irithe na daoine a raibh Gaeilge l\u00edofa acu. <\/span><\/p>\n<p><!-- \/wp:freeform --><!-- wp:freeform --><\/p>\n<p style=\"text-align: justify; margin-top: 0pt; padding-top: 0; margin-bottom: 0pt; padding-bottom: 0; line-height: 1.8;\"><span style=\"font-size: 14pt;\">Thosa\u00edodh na ranganna ag 9:30<\/span><span style=\"font-size: 14pt;\"> <\/span><span style=\"font-size: 14pt;\">agus leanaid\u00eds ar aghaidh go dt\u00ed a haon<\/span><span style=\"font-size: 14pt;\"> sa tr\u00e1thn\u00f3na<\/span><span style=\"font-size: 14pt;\">, le sos tae ag 11:00. Bh\u00edodh ceithre thr\u00e9imhse gach maidin againn, tr\u00ed cheacht ar dt\u00fas (ginear\u00e1lta, l\u00e9itheoireacht agus gramadach) agus ansin sa tr\u00e9imhse deireadh, taispe\u00e1nta\u00ed gearrscann\u00e1n Gaeilge d\u00fainn. Go minic, bhr<\/span><span style=\"font-size: 14pt;\">isimis<\/span><span style=\"font-size: 14pt;\"> i ngr\u00fapa\u00ed beaga chun pl\u00e9 ar \u00e1bhar \u00e9igin, agus ansin thuairisc\u00edodh urlabhra\u00ed gach gr\u00fapa ar ais chuig an rang agus thugaid\u00eds achoimre a nd\u00edosp\u00f3ireacht d\u00fainn. Mar sin, bh\u00edodh go leor deiseanna a<\/span><span style=\"font-size: 14pt;\">gainn <\/span><span style=\"font-size: 14pt;\">chun<\/span><span style=\"font-size: 14pt;\"> \u00e1r nGaeilge labhartha<\/span><span style=\"font-size: 14pt;\"> a chleachtadh le ch\u00e9ile. Bh\u00ed na modhanna teagaisc a bh\u00ed \u00e1 gcleachtadh sa ch\u00farsa an-\u00e9ifeachtach ar fad, agus bhain gach duine tairbhe as an gc\u00farsa d\u00e1 bharr sin. <\/span><\/p>\n<p><!-- \/wp:freeform --><!-- wp:freeform --><\/p>\n<p style=\"text-align: justify; margin-top: 0pt; padding-top: 0; margin-bottom: 0pt; padding-bottom: 0; line-height: 1.8;\"><span style=\"font-size: 14pt;\">Tar \u00e9is an l\u00f3in<\/span><span style=\"font-size: 14pt;\"> ar thr\u00ed l\u00e1 sa tseachtain, bh\u00edodh ciorcail comhr\u00e1 a<\/span><span style=\"font-size: 14pt;\">gainn<\/span><span style=\"font-size: 14pt;\"> (ag leibh\u00e9il \u00e9ags\u00fala) ar feadh uaire a chloig, agus ansin ceardlann (bodhr\u00e1n, damhsa sean-n\u00f3s, damhsa seit agus amhr\u00e1na\u00edocht san \u00e1ireamh) ar feadh uaire <\/span><span style=\"font-size: 14pt;\">eile <\/span><span style=\"font-size: 14pt;\">a chloig. Ar dh\u00e1 thr\u00e1thn\u00f3na sa <\/span><span style=\"font-size: 14pt;\">t<\/span><span style=\"font-size: 14pt;\">seach<\/span><span style=\"font-size: 14pt;\">t<\/span><span style=\"font-size: 14pt;\">ain, bh\u00edodh turas suimi\u00fail eagraithe<\/span><span style=\"font-size: 14pt;\"> \u2013 mar shampla turas go<\/span><span style=\"font-size: 14pt;\"> hAird Mh\u00f3r<\/span><span style=\"font-size: 14pt;\"> <\/span><span style=\"font-size: 14pt;\">n\u00f3 <\/span><span style=\"font-size: 14pt;\">Eochaill. <\/span><\/p>\n<p><!-- \/wp:freeform --><!-- wp:freeform --><\/p>\n<p style=\"text-align: justify; margin-top: 0pt; padding-top: 0; margin-bottom: 0pt; padding-bottom: 0; line-height: 1.8;\"><span style=\"font-size: 14pt;\">Bh\u00edodh an dinn\u00e9ar againn le ch\u00e9ile ag 6:00 agus de ghn\u00e1th ag 7:00 bh\u00edodh gn\u00edomha\u00edochta\u00ed ar si\u00fal. Mar shampla, uair amh\u00e1in thugamar cuairt ar chomhlacht \u00e1iti\u00fail darb ainm Nemeton, a oibr\u00edonn d\u00edreach le st\u00e1isi\u00fain teilif\u00edse, agus go h\u00e1irithe TG4, chun cluich\u00ed iom\u00e1na\u00edochta agus peile a chraoladh le tr\u00e1chtaire as Gaeilge. Uair eile, bh\u00ed cur i l\u00e1thair faoi stair an Chol\u00e1iste, a bh\u00ed an-sp\u00e9isi\u00fail. Uair eile<\/span><span style=\"font-size: 14pt;\"> f\u00f3s<\/span><span style=\"font-size: 14pt;\">, bh\u00ed ceolchoirm iontach eagraithe ina raibh <\/span><span style=\"font-size: 14pt;\">teaghlaigh<\/span><span style=\"font-size: 14pt;\"> an cheantair ag seinm cheoil. <\/span><\/p>\n<p><!-- \/wp:freeform --><!-- wp:freeform --><\/p>\n<p style=\"text-align: justify; margin-top: 0pt; padding-top: 0; margin-bottom: 0pt; padding-bottom: 0; line-height: 1.8;\"><span style=\"font-size: 14pt;\">Nuair a b<\/span><span style=\"font-size: 14pt;\">h\u00edodh tart ar chuid againn tar \u00e9is eachtra\u00ed an lae<\/span><span style=\"font-size: 14pt;\">,<\/span><span style=\"font-size: 14pt;\"> th\u00e9imis go Tigh Mooney n\u00f3 Tigh Mhuirithe chun deoch a fh\u00e1il. Is cro\u00edl\u00e1r an phobail \u00e1iti\u00fail iad na tithe t\u00e1bhairne sa Rinn, ina mb\u00edonn comhr\u00e1, seisi\u00fain cheoil agus amhr\u00e1na\u00edocht ar si\u00fal iontu go minic.<\/span><\/p>\n<p><!-- \/wp:freeform --><!-- wp:freeform --><\/p>\n<p style=\"text-align: justify; margin-top: 0pt; padding-top: 0; margin-bottom: 0pt; padding-bottom: 0; line-height: 1.8;\"><strong><span style=\"font-size: 14pt;\">Moladh<\/span><\/strong><\/p>\n<p><!-- \/wp:freeform --><!-- wp:freeform --><\/p>\n<p style=\"text-align: justify; margin-top: 0pt; padding-top: 0; margin-bottom: 0pt; padding-bottom: 0; line-height: 1.8;\"><span style=\"font-size: 14pt;\">Bh\u00ed an c\u00farsa ar fheabhas mar n\u00ed hamh\u00e1in ranganna a bh\u00ed i gceist gach l\u00e1, ach gn\u00edomha\u00edochta\u00ed \u00e9ags\u00fala freisin. Bh\u00edomar ag \u00fas\u00e1id na teanga an t-am go l\u00e9ir, agus gan dabht th\u00e1inig feabhas ar \u00e1r gcuid Gaeilge i rith an ch\u00farsa.<\/span><\/p>\n<p><!-- \/wp:freeform --><!-- wp:freeform --><\/p>\n<p style=\"text-align: justify; margin-top: 0pt; padding-top: 0; margin-bottom: 0pt; padding-bottom: 0; line-height: 1.8;\"><span style=\"font-size: 14pt;\">D\u2019aontaigh na <\/span><span style=\"font-size: 14pt;\">scol\u00e1ir<\/span><span style=\"font-size: 14pt;\">\u00ed go l\u00e9ir gur tumch\u00farsa thar barr a bh\u00ed i gceist. Bh\u00ed measc\u00e1n iontach \u00e9ags\u00fa<\/span><span style=\"font-size: 14pt;\">il<\/span><span style=\"font-size: 14pt;\"> ann, idir cheachtanna agus gn\u00edomha\u00edochta\u00ed, agus an deis againn an t-am go l\u00e9ir \u00e1r nGaeilge a labhairt agus a chleachtadh le ch\u00e9ile. Bh\u00ed b\u00e9il\u00ed blasta againn gach l\u00e1. <\/span><span style=\"font-size: 14pt;\">B<\/span><span style=\"font-size: 14pt;\">h\u00ed m\u00fainteoir\u00ed <\/span><span style=\"font-size: 14pt;\">thar barr<\/span><span style=\"font-size: 14pt;\"> againn, c\u00e9 gur bhraith m\u00e9 <\/span><span style=\"font-size: 14pt;\">f\u00e9in <\/span><span style=\"font-size: 14pt;\">uaim <\/span><span style=\"font-size: 14pt;\">go m\u00f3r <\/span><span style=\"font-size: 14pt;\">Miche\u00e1l \u00d3 M\u00e1irt\u00edn an t-am seo<\/span><span style=\"font-size: 14pt;\">. <\/span><span style=\"font-size: 14pt;\">Bh\u00ed Miche\u00e1l mar mh\u00fainteoir agam gach uair eile ar fhreastal m\u00e9 ar thumch\u00farsa sa Chol\u00e1iste<\/span><span style=\"font-size: 14pt;\">, agus i<\/span><span style=\"font-size: 14pt;\">s annamh a chastar le <\/span><span style=\"font-size: 14pt;\">m\u00fainteo<\/span><span style=\"font-size: 14pt;\">i<\/span><span style=\"font-size: 14pt;\">r chomh maith <\/span><span style=\"font-size: 14pt;\">n\u00f3 le fear chomh <\/span><span style=\"font-size: 14pt;\">deas leis<\/span><span style=\"font-size: 14pt;\">, i mo thuairim<\/span><span style=\"font-size: 14pt;\">.<\/span><span style=\"font-size: 14pt;\">\u00a0\u00a0<\/span><\/p>\n<p><!-- \/wp:freeform --><!-- wp:freeform --><\/p>\n<p style=\"text-align: justify; margin-top: 0pt; padding-top: 0; margin-bottom: 0pt; padding-bottom: 0; line-height: 1.8;\"><span style=\"font-size: 14pt;\">Mholfainn duit <\/span><span style=\"font-size: 14pt;\">freastal ar <\/span><span style=\"font-size: 14pt;\">an tumch\u00farsa seo gan ag\u00f3 agus is f\u00e9idir tuilleadh eolais a fh\u00e1il ag an su\u00edomh <\/span><a href=\"http:\/\/www.anrinn.com\"><span style=\"font-size: 14pt;\">www.anrinn.com<\/span><\/a><span style=\"font-size: 14pt;\">.<\/span><\/p>\n<p><!-- \/wp:freeform --><!-- wp:freeform --><\/p>\n<p style=\"text-align: justify; margin-top: 0pt; padding-top: 0; margin-bottom: 0pt; padding-bottom: 0; line-height: 1.8;\"><span style=\"display: inline-block; height: 1em;\"><span style=\"display: none;\">.<\/span><\/span><\/p>\n<p><!-- \/wp:freeform --><!-- wp:freeform --><\/p>\n<p style=\"text-align: justify; margin-top: 0pt; padding-top: 0; margin-bottom: 0pt; padding-bottom: 0; line-height: 1.8;\"><span style=\"display: inline-block; height: 1em;\"><span style=\"display: none;\">.<\/span><\/span><\/p>\n<p><!-- \/wp:freeform --><\/p>[\/et_pb_text][\/et_pb_column][\/et_pb_row][\/et_pb_section]","protected":false},"excerpt":{"rendered":"<p><script type=\"text\/javascript\" >\r\nvar cab={\r\n\r\n\turlStart: \"https:\/\/www.teanglann.ie\",\r\n\r\n\tclickify: function ($n) {\r\n\t\tvar $=jQuery;\r\n\t\tif(!$n) $n=$(document);\r\n\t\tif(!$n.jquery) $n=$($n);\r\n\t\tfor(var y=0; y<$n.toArray().length; y++){\r\n\t\t\tvar n=$n.toArray()[y];\r\n\t\t\tthis.cleanTuairisc(n);\r\n\t\t\tfor(var i=0; i<n.childNodes.length; i++) {\r\n\t\t\t\tnode=n.childNodes[i];\r\n\t\t\t\tif(node.nodeType==1 && node.nodeName!=\"a\" && node.nodeName!=\"A\") {\r\n\t\t\t\t\tnosplit=$(node).hasClass(\"nosplit\");\r\n\t\t\t\t\tthis.clickify(node);\r\n\t\t\t\t}\r\n\t\t\t\telse if(node.nodeType==3 && $.trim(node.nodeValue)!=\"\") {\r\n\t\t\t\t\tvar replace=document.createElement(\"span\");\r\n\t\t\t\t\treplace.innerHTML=this.clickifyText(node.nodeValue);\r\n\t\t\t\t\tn.replaceChild(replace, node);\r\n\t\t\t\t}\r\n\t\t\t}\r\n\t\t}\r\n\t},\r\n\t\r\n\tclickifyText: function(str) {\r\n\t\tvar ret=\"\";\r\n\t\tvar buffer=\"\";\r\n\t\tfor(var i=0; i<str.length; i++) {\r\n\t\t\tvar c=str.charAt(i);\r\n\t\t\tif(\"a\u00e1bcde\u00e9fghi\u00edjklmno\u00f3pqrstu\u00favwxyzA\u00c1BCDE\u00c9FGHI\u00cdJKLMNO\u00d3PQRSTU\u00daVWXYZ'\u2019-\".indexOf(c)>-1) {\r\n\t\t\t\tbuffer+=c;\r\n\t\t\t} else {\r\n\t\t\t\tif(buffer!=\"\") { ret+=this.text2click(buffer); buffer=\"\"; }\r\n\t\t\t\tret+=c;\r\n\t\t\t}\r\n\t\t}\r\n\t\tif(buffer!=\"\") { ret+=this.text2click(buffer); buffer=\"\"; }\r\n\t\treturn ret;\r\n\t},\r\n\t\r\n\ttext2click: function(str) {\r\n\t\tvar s=\"<span\";\r\n\t\ts+=\" style=\\\"cursor: pointer\\\"\";\r\n\t\ts+=\" onmouseover=\\\"this.style.color='#993300'; this.style.textDecoration='underline'\\\"\";\r\n\t\ts+=\" onmouseout=\\\"this.style.color=''; this.style.textDecoration=''\\\"\";\r\n\t\ts+=\" onclick=\\\"cab.lexclick(this)\\\"\";\r\n\t\ts+=\">\"\r\n\t\ts+=str;\r\n\t\ts+=\"<\/span>\";\r\n\t\treturn s;\r\n\t},\r\n\t\r\n\tcleanTuairisc: function(n){\r\n\t\tvar $=jQuery;\r\n\r\n\t\t\/\/remove Tuairisc.ie <span class=\"s1\"> etc:\r\n\t\t$(n).children(\"span.s2\").each(function(){ $(this).replaceWith(this.innerHTML); })\r\n\t\t$(n).children(\"span.s1\").each(function(){ $(this).replaceWith(this.innerHTML); })\r\n\t\t\r\n\t\t\/\/merge text nodes:\r\n\t\tvar prevNode;\r\n\t\tfor(var i=0; i<n.childNodes.length; i++) {\r\n\t\t\tvar node=n.childNodes[i];\r\n\t\t\tif(node.nodeType==3 && prevNode && prevNode.nodeType==3){\r\n\t\t\t\tprevNode.nodeValue+=node.nodeValue;\r\n\t\t\t\tnode.nodeValue=\"\";\r\n\t\t\t} else {\r\n\t\t\t\tprevNode=node;\r\n\t\t\t}\r\n\t\t}\r\n\t},\r\n\t\r\n\tlexclickOrigin: 0,\r\n\t\r\n\tlexclick: function(a){\r\n\t\tvar $=jQuery;\r\n\t\tvar str=a.innerText;\r\n\t\tclean=str.replace(\/^\\s*\/, \"\").replace(\/\\s*$\/, \"\");\r\n\t\tvar url=cab.urlStart+\"\/ga\/?s=\"+encodeURIComponent(clean)+\"&quickie=true\";\r\n\t\t$(\"body\").off(\"click\", cab.lexclickOff);\r\n\t\tif($(\"body\").width()>450) {\r\n\t\t\t$(\"#lexclick\").remove();\r\n\t\t\tvar $a=$(a);\r\n\t\t\t{\r\n\t\t\t\tvar leftOffset=$a.offset().left;\r\n\t\t\t\tvar className=\"\";\r\n\t\t\t}\r\n\t\t\tif(leftOffset>$(\"body\").width()\/2) {\r\n\t\t\t\tleftOffset=leftOffset-280;\r\n\t\t\t\tvar className=\"rightAnchored\";\r\n\t\t\t}\r\n\t\t\t\r\n\t\t\tvar css=\"position: absolute; z-index: 100; width: 300px; height: 370px; background-color: #dddddd; border: 1px solid #333333; padding: 5px; box-shadow: 0px 0px 5px #999999; border-radius: 2px; line-height: 1.5em;\";\r\n\t\t\tvar cssArrow=\"position: absolute; top: -9px; left: 10px; width: 15px; height: 9px; background-image: url(\\\"\"+cab.urlStart+\"\/cab\/lexclick-callout.gif\\\"); z-index: 101;\";\r\n\t\t\tif(className==\"rightAnchored\") cssArrow+=\" left: auto; right: 10px;\"\r\n\t\t\t\r\n\t\t\t$(\"<div id='lexclick' class='\"+className+\"' style='\"+css+\"; line-height: 1em;' onclick='cab.lexclickOrigin=123'><div class='arrow' style='\"+cssArrow+\"'><\/div><iframe name='lexclickFrame' style='width: 298px; height: 348px; border: 1px inset #333333;' src='\"+url+\"' frameborder='0'><\/iframe><div style='font-family: sans-serif; font-size: 12px; text-align: left; margin-top: 3px;'><a href='\"+url+\"' target='_blank' style='color: #336699; text-decoration: none; position: relative; top: -3px; text-shadow: 1px 1px 0px #eeeeee;' onmouseover='this.style.color=\\\"#4477aa\\\"' onmouseout='this.style.color=\\\"#336699\\\"'><img src='\"+cab.urlStart+\"\/cab\/application.png' width='16' height='16' style='position: relative; top: 3px; margin-right: 2px; margin-left: 2px;'\/> www.teanglann.ie \u00bb<\/a><\/div><\/div>\").appendTo(\"body\").offset({top: $a.offset().top+$a.height()+10, left: leftOffset});\r\n\t\t\tcab.lexclickOrigin=123;\r\n\t\t\t$(\"body\").on(\"click\", cab.lexclickOff);\r\n\t\t} else {\r\n\t\t\twindow.open(url);\r\n\t\t}\r\n\t},\r\n\r\n\tlexclickOff: function(){\r\n\t\tvar $=jQuery;\r\n\t\tif(cab.lexclickOrigin==0) {\r\n\t\t\t$(\"#lexclick\").remove();\r\n\t\t\t$(\"body\").off(\"click\", cab.lexclickOff);\r\n\t\t}\r\n\t\tcab.lexclickOrigin=0;\r\n\t},\r\n\t\r\n};\r\n\t\t\t<\/script>\r\n\r\n<script type=\"text\/javascript\">jQuery(document).ready(function(){ cab.clickify(); });<\/script>T\u00fas maith, leath na hOibre! Don ch\u00e9ad uair \u00f3 th\u00fas na paind\u00e9ime, t\u00e1 tumch\u00farsa\u00ed Gaeilge ar si\u00fal ar\u00eds. Bhraitheamar uainn iad, mar tugann c\u00farsa\u00ed mar sin deis iontach d\u00fainn feabhs\u00fa a chur ar \u00e1r gcuid Gaeilge. N\u00ed haon ionadh \u00e9 mar sin gur chl\u00e1raigh m\u00e9 f\u00e9in agus mo bhean ch\u00e9ile do ch\u00fapla tumch\u00farsa i [&hellip;]<\/p>\n","protected":false},"author":1,"featured_media":6850,"comment_status":"closed","ping_status":"closed","sticky":false,"template":"","format":"standard","meta":{"nf_dc_page":"","_et_pb_use_builder":"on","_et_pb_old_content":"<!-- wp:freeform --><p style=\"text-align:center;margin-top:0pt;padding-top:0;margin-bottom:0pt;padding-bottom:0;line-height:2.4\"><strong><span style=\"font-size:24pt\"><\/span><\/strong><\/p><!-- \/wp:freeform --><!-- wp:freeform --><p style=\"text-align:center;margin-top:0pt;padding-top:0;margin-bottom:0pt;padding-bottom:0;line-height:2.4\"><span style=\"font-size:14pt\">Miche\u00e1l <\/span><span style=\"font-size:14pt\">Bair\u00e9ad<\/span><\/p><!-- \/wp:freeform --><!-- wp:freeform --><p style=\"text-align:justify;margin-top:0pt;padding-top:0;margin-bottom:0pt;padding-bottom:0;line-height:1.8\"><strong><span style=\"font-size:14pt\">T\u00fas maith, leath na hOibre!<\/span><\/strong><\/p><!-- \/wp:freeform --><!-- wp:freeform --><p style=\"text-align:justify;margin-top:0pt;padding-top:0;margin-bottom:0pt;padding-bottom:0;line-height:1.8\"><span style=\"font-size:14pt\">Don ch\u00e9ad uair \u00f3 th\u00fas na paind\u00e9ime, t\u00e1 tumch\u00farsa\u00ed Gaeilge ar si\u00fal ar\u00eds.  B<\/span><span style=\"font-size:14pt\">h<\/span><span style=\"font-size:14pt\">raith<\/span><span style=\"font-size:14pt\">eamar<\/span><span style=\"font-size:14pt\"> uainn iad, mar tugann<\/span><span style=\"font-size:14pt\"> c\u00farsa\u00ed <\/span><span style=\"font-size:14pt\">mar <\/span><span style=\"font-size:14pt\">sin<\/span><span style=\"font-size:14pt\"> deis iontach d\u00fainn feabhs\u00fa a chur ar \u00e1r gcuid Gaeilge.  N\u00ed <\/span><span style=\"font-size:14pt\">h<\/span><span style=\"font-size:14pt\">aon ionadh \u00e9 mar sin gur chl\u00e1raigh m\u00e9 f\u00e9in agus mo bhean ch\u00e9ile do ch\u00fapla tumch\u00farsa i mbliana, ceann amh\u00e1in i nD\u00fan na nGall, agus ceann eile i gCol\u00e1iste na Rinne i gContae Phort L\u00e1irge.  San alt inniu, d\u00e9anfaidh m\u00e9 cur s\u00edos ar an tumch\u00farsa i gCol\u00e1iste na Rinne.<\/span><\/p><!-- \/wp:freeform --><!-- wp:freeform --><p style=\"text-align:justify;margin-top:0pt;padding-top:0;margin-bottom:0pt;padding-bottom:0;line-height:1.8\"><span style=\"font-size:14pt\">Faoin am a<\/span><span style=\"font-size:14pt\">r<\/span><span style=\"font-size:14pt\"> chl\u00e1raigh m\u00e9 don ch\u00farsa, n\u00ed raibh m\u00e9 in ann l\u00f3ist\u00edn a fh\u00e1il ar dt\u00fas, ach tar \u00e9is go leor glaonna f\u00f3in, chuir m\u00e9 leaba is bricfeasta in \u00e1irithe nach raibh baint aige leis an gCol\u00e1iste.  Chuir m\u00e9 \u00e1r n-ainmneacha ar liosta feitheamh le bean an t\u00ed amh\u00e1in freisin, ar eagla na heagla.  Ar an l\u00e1 d\u00edreach roimh an ch\u00farsa, ghlaoigh an bhean an t\u00ed <\/span><span style=\"font-size:14pt\">sin <\/span><span style=\"font-size:14pt\">orm, agus d\u00fairt s\u00ed go raibh seomra ar f\u00e1il anois d\u00fainn.  Bh\u00ed orainn go l\u00e9ir t\u00e1st\u00e1il chor\u00f3inv\u00edris a dh\u00e9anamh agus toradh di\u00faltach a fh\u00e1il, chun a bheith in ann freastal ar an gc\u00farsa.  Bh\u00ed fear m\u00ed-\u00e1mharach tar \u00e9is toradh dearfach a fh\u00e1il, agus n\u00ed raibh an dara rogha aige ach an c\u00farsa a chur ar ceal.  Is mar sin a fuaireamar l\u00f3ist\u00edn <\/span><span style=\"font-size:14pt\">thar barr<\/span><span style=\"font-size:14pt\">,<\/span><span style=\"font-size:14pt\"> gar do Chol\u00e1iste na Rinne.  <\/span><\/p><!-- \/wp:freeform --><!-- wp:freeform --><p style=\"text-align:justify;margin-top:0pt;padding-top:0;margin-bottom:0pt;padding-bottom:0;line-height:1.8\"><strong><span style=\"font-size:14pt\">Cl\u00e1r an Ch\u00farsa<\/span><\/strong><\/p><!-- \/wp:freeform --><!-- wp:freeform --><p style=\"text-align:justify;margin-top:0pt;padding-top:0;margin-bottom:0pt;padding-bottom:0;line-height:1.8\"><span style=\"font-size:14pt\">Bh\u00ed cl\u00e1r iontach eagraithe d\u00fainn, agus go leor ar si\u00fal gach l\u00e1, \u00f3 mhaidin go ho\u00edche.  Bh\u00ed na ranganna roinnte i gceithre shruth bunaithe ar do leibh\u00e9al teanga, \u00f3 thosaitheoir\u00ed go hardleibh\u00e9al.  Sa tsl\u00ed sin m\u00faineadh an Ghaeilge <\/span><span style=\"font-size:14pt\">d\u00fainn <\/span><span style=\"font-size:14pt\">i ngr\u00fapa\u00ed beaga a d\u2019\u00e9ascaigh comharfhoghlaim. <\/span><\/p><!-- \/wp:freeform --><!-- wp:freeform --><p style=\"text-align:justify;margin-top:0pt;padding-top:0;margin-bottom:0pt;padding-bottom:0;line-height:1.8\"><span style=\"font-size:14pt\">Bhail\u00edmis gach maidin, idir mh\u00fainteoir\u00ed agus <\/span><span style=\"font-size:14pt\">scol\u00e1ir\u00ed<\/span><span style=\"font-size:14pt\">, sa seomra bia ag 8:30 <\/span><span style=\"font-size:14pt\">ar maidin <\/span><span style=\"font-size:14pt\">agus d\u2019ithimis \u00e1r mbricfeasta le ch\u00e9ile, agus muid ag labhairt Gaeilge an chuid is m\u00f3 den am, go h\u00e1irithe na daoine a raibh Gaeilge l\u00edofa acu.  <\/span><\/p><!-- \/wp:freeform --><!-- wp:freeform --><p style=\"text-align:justify;margin-top:0pt;padding-top:0;margin-bottom:0pt;padding-bottom:0;line-height:1.8\"><span style=\"font-size:14pt\">Thosa\u00edodh na ranganna ag 9:30<\/span><span style=\"font-size:14pt\"> <\/span><span style=\"font-size:14pt\">agus leanaid\u00eds ar aghaidh go dt\u00ed a haon<\/span><span style=\"font-size:14pt\"> sa tr\u00e1thn\u00f3na<\/span><span style=\"font-size:14pt\">, le sos tae ag 11:00.  Bh\u00edodh ceithre thr\u00e9imhse gach maidin againn, tr\u00ed cheacht ar dt\u00fas (ginear\u00e1lta, l\u00e9itheoireacht agus gramadach) agus ansin sa tr\u00e9imhse deireadh, taispe\u00e1nta\u00ed gearrscann\u00e1n Gaeilge d\u00fainn.  Go minic, bhr<\/span><span style=\"font-size:14pt\">isimis<\/span><span style=\"font-size:14pt\"> i ngr\u00fapa\u00ed beaga chun pl\u00e9 ar \u00e1bhar \u00e9igin, agus ansin thuairisc\u00edodh urlabhra\u00ed gach gr\u00fapa ar ais chuig an rang agus thugaid\u00eds achoimre a nd\u00edosp\u00f3ireacht d\u00fainn.  Mar sin, bh\u00edodh go leor deiseanna a<\/span><span style=\"font-size:14pt\">gainn <\/span><span style=\"font-size:14pt\">chun<\/span><span style=\"font-size:14pt\"> \u00e1r nGaeilge labhartha<\/span><span style=\"font-size:14pt\"> a chleachtadh le ch\u00e9ile.  Bh\u00ed na modhanna teagaisc a bh\u00ed \u00e1 gcleachtadh sa ch\u00farsa an-\u00e9ifeachtach ar fad, agus bhain gach duine tairbhe as an gc\u00farsa d\u00e1 bharr sin. <\/span><\/p><!-- \/wp:freeform --><!-- wp:freeform --><p style=\"text-align:justify;margin-top:0pt;padding-top:0;margin-bottom:0pt;padding-bottom:0;line-height:1.8\"><span style=\"font-size:14pt\">Tar \u00e9is an l\u00f3in<\/span><span style=\"font-size:14pt\"> ar thr\u00ed l\u00e1 sa tseachtain, bh\u00edodh ciorcail comhr\u00e1 a<\/span><span style=\"font-size:14pt\">gainn<\/span><span style=\"font-size:14pt\"> (ag leibh\u00e9il \u00e9ags\u00fala) ar feadh uaire a chloig, agus ansin ceardlann (bodhr\u00e1n, damhsa sean-n\u00f3s, damhsa seit agus amhr\u00e1na\u00edocht san \u00e1ireamh) ar feadh uaire <\/span><span style=\"font-size:14pt\">eile <\/span><span style=\"font-size:14pt\">a chloig.  Ar dh\u00e1 thr\u00e1thn\u00f3na sa <\/span><span style=\"font-size:14pt\">t<\/span><span style=\"font-size:14pt\">seach<\/span><span style=\"font-size:14pt\">t<\/span><span style=\"font-size:14pt\">ain, bh\u00edodh turas suimi\u00fail eagraithe<\/span><span style=\"font-size:14pt\"> \u2013 mar shampla turas go<\/span><span style=\"font-size:14pt\"> hAird Mh\u00f3r<\/span><span style=\"font-size:14pt\"> <\/span><span style=\"font-size:14pt\">n\u00f3 <\/span><span style=\"font-size:14pt\">Eochaill.  <\/span><\/p><!-- \/wp:freeform --><!-- wp:freeform --><p style=\"text-align:justify;margin-top:0pt;padding-top:0;margin-bottom:0pt;padding-bottom:0;line-height:1.8\"><span style=\"font-size:14pt\">Bh\u00edodh an dinn\u00e9ar againn le ch\u00e9ile ag 6:00 agus de ghn\u00e1th ag 7:00 bh\u00edodh gn\u00edomha\u00edochta\u00ed ar si\u00fal.   Mar shampla, uair amh\u00e1in thugamar cuairt ar chomhlacht \u00e1iti\u00fail darb ainm Nemeton, a oibr\u00edonn d\u00edreach le st\u00e1isi\u00fain teilif\u00edse, agus go h\u00e1irithe TG4, chun cluich\u00ed iom\u00e1na\u00edochta agus peile a chraoladh le tr\u00e1chtaire as Gaeilge.  Uair eile, bh\u00ed cur i l\u00e1thair faoi stair an Chol\u00e1iste, a bh\u00ed an-sp\u00e9isi\u00fail.  Uair eile<\/span><span style=\"font-size:14pt\"> f\u00f3s<\/span><span style=\"font-size:14pt\">, bh\u00ed ceolchoirm iontach eagraithe ina raibh <\/span><span style=\"font-size:14pt\">teaghlaigh<\/span><span style=\"font-size:14pt\"> an cheantair ag seinm cheoil.  <\/span><\/p><!-- \/wp:freeform --><!-- wp:freeform --><p style=\"text-align:justify;margin-top:0pt;padding-top:0;margin-bottom:0pt;padding-bottom:0;line-height:1.8\"><span style=\"font-size:14pt\">Nuair a b<\/span><span style=\"font-size:14pt\">h\u00edodh tart ar chuid againn tar \u00e9is eachtra\u00ed an lae<\/span><span style=\"font-size:14pt\">,<\/span><span style=\"font-size:14pt\"> th\u00e9imis go Tigh Mooney n\u00f3 Tigh Mhuirithe chun deoch a fh\u00e1il.  Is cro\u00edl\u00e1r an phobail \u00e1iti\u00fail iad na tithe t\u00e1bhairne sa Rinn, ina mb\u00edonn comhr\u00e1, seisi\u00fain cheoil agus amhr\u00e1na\u00edocht ar si\u00fal iontu go minic.<\/span><\/p><!-- \/wp:freeform --><!-- wp:freeform --><p style=\"text-align:justify;margin-top:0pt;padding-top:0;margin-bottom:0pt;padding-bottom:0;line-height:1.8\"><strong><span style=\"font-size:14pt\">Moladh<\/span><\/strong><\/p><!-- \/wp:freeform --><!-- wp:freeform --><p style=\"text-align:justify;margin-top:0pt;padding-top:0;margin-bottom:0pt;padding-bottom:0;line-height:1.8\"><span style=\"font-size:14pt\">Bh\u00ed an c\u00farsa ar fheabhas mar n\u00ed hamh\u00e1in ranganna a bh\u00ed i gceist gach l\u00e1, ach gn\u00edomha\u00edochta\u00ed \u00e9ags\u00fala freisin.  Bh\u00edomar ag \u00fas\u00e1id na teanga an t-am go l\u00e9ir, agus gan dabht th\u00e1inig feabhas ar \u00e1r gcuid Gaeilge i rith an ch\u00farsa.<\/span><\/p><!-- \/wp:freeform --><!-- wp:freeform --><p style=\"text-align:justify;margin-top:0pt;padding-top:0;margin-bottom:0pt;padding-bottom:0;line-height:1.8\"><span style=\"font-size:14pt\">D\u2019aontaigh na <\/span><span style=\"font-size:14pt\">scol\u00e1ir<\/span><span style=\"font-size:14pt\">\u00ed go l\u00e9ir gur tumch\u00farsa thar barr a bh\u00ed i gceist.  Bh\u00ed measc\u00e1n iontach \u00e9ags\u00fa<\/span><span style=\"font-size:14pt\">il<\/span><span style=\"font-size:14pt\"> ann, idir cheachtanna agus gn\u00edomha\u00edochta\u00ed, agus an deis againn an t-am go l\u00e9ir \u00e1r nGaeilge a labhairt agus a chleachtadh le ch\u00e9ile.  Bh\u00ed b\u00e9il\u00ed blasta againn gach l\u00e1.  <\/span><span style=\"font-size:14pt\">B<\/span><span style=\"font-size:14pt\">h\u00ed m\u00fainteoir\u00ed <\/span><span style=\"font-size:14pt\">thar barr<\/span><span style=\"font-size:14pt\"> againn, c\u00e9 gur bhraith m\u00e9 <\/span><span style=\"font-size:14pt\">f\u00e9in <\/span><span style=\"font-size:14pt\">uaim <\/span><span style=\"font-size:14pt\">go m\u00f3r <\/span><span style=\"font-size:14pt\">Miche\u00e1l \u00d3 M\u00e1irt\u00edn an t-am seo<\/span><span style=\"font-size:14pt\">.  <\/span><span style=\"font-size:14pt\">Bh\u00ed Miche\u00e1l mar mh\u00fainteoir agam gach uair eile ar fhreastal m\u00e9 ar thumch\u00farsa sa Chol\u00e1iste<\/span><span style=\"font-size:14pt\">, agus i<\/span><span style=\"font-size:14pt\">s annamh a chastar le <\/span><span style=\"font-size:14pt\">m\u00fainteo<\/span><span style=\"font-size:14pt\">i<\/span><span style=\"font-size:14pt\">r chomh maith <\/span><span style=\"font-size:14pt\">n\u00f3 le fear chomh <\/span><span style=\"font-size:14pt\">deas leis<\/span><span style=\"font-size:14pt\">, i mo thuairim<\/span><span style=\"font-size:14pt\">.<\/span><span style=\"font-size:14pt\">&nbsp;&nbsp;<\/span><\/p><!-- \/wp:freeform --><!-- wp:freeform --><p style=\"text-align:justify;margin-top:0pt;padding-top:0;margin-bottom:0pt;padding-bottom:0;line-height:1.8\"><span style=\"font-size:14pt\">Mholfainn duit <\/span><span style=\"font-size:14pt\">freastal ar <\/span><span style=\"font-size:14pt\">an tumch\u00farsa seo gan ag\u00f3 agus is f\u00e9idir tuilleadh eolais a fh\u00e1il ag an su\u00edomh <\/span><a href=\"http:\/\/www.anrinn.com\"><span style=\"font-size:14pt\">www.anrinn.com<\/span><\/a><span style=\"font-size:14pt\">.<\/span><\/p><!-- \/wp:freeform --><!-- wp:freeform --><p style=\"text-align:justify;margin-top:0pt;padding-top:0;margin-bottom:0pt;padding-bottom:0;line-height:1.8\"><span style=\"display:inline-block;height:1em\"><span style=\"display:none\">.<\/span><\/span><\/p><!-- \/wp:freeform --><!-- wp:freeform --><p style=\"text-align:justify;margin-top:0pt;padding-top:0;margin-bottom:0pt;padding-bottom:0;line-height:1.8\"><span style=\"display:inline-block;height:1em\"><span style=\"display:none\">.<\/span><\/span><\/p><!-- \/wp:freeform -->","_et_gb_content_width":"","footnotes":""},"categories":[43],"tags":[],"class_list":["post-7364","post","type-post","status-publish","format-standard","has-post-thumbnail","hentry","category-cursai-teanga"],"_links":{"self":[{"href":"https:\/\/mickgb.com\/ga\/wp-json\/wp\/v2\/posts\/7364","targetHints":{"allow":["GET"]}}],"collection":[{"href":"https:\/\/mickgb.com\/ga\/wp-json\/wp\/v2\/posts"}],"about":[{"href":"https:\/\/mickgb.com\/ga\/wp-json\/wp\/v2\/types\/post"}],"author":[{"embeddable":true,"href":"https:\/\/mickgb.com\/ga\/wp-json\/wp\/v2\/users\/1"}],"replies":[{"embeddable":true,"href":"https:\/\/mickgb.com\/ga\/wp-json\/wp\/v2\/comments?post=7364"}],"version-history":[{"count":4,"href":"https:\/\/mickgb.com\/ga\/wp-json\/wp\/v2\/posts\/7364\/revisions"}],"predecessor-version":[{"id":9318,"href":"https:\/\/mickgb.com\/ga\/wp-json\/wp\/v2\/posts\/7364\/revisions\/9318"}],"wp:featuredmedia":[{"embeddable":true,"href":"https:\/\/mickgb.com\/ga\/wp-json\/wp\/v2\/media\/6850"}],"wp:attachment":[{"href":"https:\/\/mickgb.com\/ga\/wp-json\/wp\/v2\/media?parent=7364"}],"wp:term":[{"taxonomy":"category","embeddable":true,"href":"https:\/\/mickgb.com\/ga\/wp-json\/wp\/v2\/categories?post=7364"},{"taxonomy":"post_tag","embeddable":true,"href":"https:\/\/mickgb.com\/ga\/wp-json\/wp\/v2\/tags?post=7364"}],"curies":[{"name":"wp","href":"https:\/\/api.w.org\/{rel}","templated":true}]}}